{"id":9834,"date":"2015-03-17T14:44:29","date_gmt":"2015-03-17T17:44:29","guid":{"rendered":"http:\/\/anprotec.org.br\/site\/?p=9834"},"modified":"2015-03-17T14:48:28","modified_gmt":"2015-03-17T17:48:28","slug":"incubatec-abre-edital-para-incubacao","status":"publish","type":"post","link":"https:\/\/anprotec.org.br\/site\/2015\/03\/incubatec-abre-edital-para-incubacao\/","title":{"rendered":"Incubatec abre editais para processos seletivos"},"content":{"rendered":"<p style=\"text-align: justify\"><img decoding=\"async\" loading=\"lazy\" class=\"alignleft size-thumbnail wp-image-9838\" alt=\"incubatec_4\" src=\"https:\/\/anprotec.org.br\/site\/wp-content\/uploads\/2015\/03\/incubatec_4-270x160.png\" width=\"270\" height=\"160\" \/>A <a href=\"http:\/\/www.imed.edu.br\/Incubatec\/apresentacao-\">Incubadora de Neg\u00f3cios Inovadores de Base Tecnol\u00f3gica<\/a> (Incubatec), da Faculdade Meridional (Imed), est\u00e1 com editais abertos para os processos de <a href=\"http:\/\/www.imed.edu.br\/Uploads\/Edital%20de%20Incuba%C3%A7%C3%A3o%20Incubatec%20IMED%202015.pdf\">incuba\u00e7\u00e3o<\/a> e <a href=\"http:\/\/www.imed.edu.br\/Uploads\/Edital%20de%20Pr%C3%A9-Incuba%C3%A7%C3%A3o%20Incubatec%20IMED%202015.pdf\">pr\u00e9-incuba\u00e7\u00e3o<\/a>. A Incubatec fica em Passo Fundo (RS) e os interessados em participar do processo seletivo para incuba\u00e7\u00e3o t\u00eam at\u00e9 o dia 16 de maio para inscrever suas propostas. Ser\u00e3o quatro vagas, ao todo, para empresas residentes e n\u00e3o residentes. J\u00e1 para o processo de pr\u00e9-incuba\u00e7\u00e3o ser\u00e3o cinco vagas, com inscri\u00e7\u00f5es at\u00e9 21 de dezembro.<\/p>\n<p style=\"text-align: justify\">Confira os editais de <a href=\"http:\/\/www.imed.edu.br\/Uploads\/Edital%20de%20Incuba%C3%A7%C3%A3o%20Incubatec%20IMED%202015.pdf\">incuba\u00e7\u00e3o<\/a> e <a href=\"http:\/\/www.imed.edu.br\/Uploads\/Edital%20de%20Pr%C3%A9-Incuba%C3%A7%C3%A3o%20Incubatec%20IMED%202015.pdf\">pr\u00e9-incuba\u00e7\u00e3o<\/a>.<\/p>\n<p style=\"text-align: justify\">As inscri\u00e7\u00f5es devem ser feitas pessoalmente no endere\u00e7o:\u00a0 Central de Atendimento &#8211; Faculdade IMED Rua Senador Pinheiro, 304 \u2013 Passo Fundo\/RS. Hor\u00e1rio para entrega: de segunda \u00e0 sexta-feira, das 8h00 \u00e0s 22h00.<\/p>\n<p style=\"text-align: justify\">\n","protected":false},"excerpt":{"rendered":"<p><!--:pt-->A Incubadora da Faculdade Meridional est\u00e1 com dois editais abertos para os processos de incuba\u00e7\u00e3o e pr\u00e9-incuba\u00e7\u00e3o. Interessados na primeira modalidade t\u00eam at\u00e9 16\/05.<!--:--><\/p>\n","protected":false},"author":8,"featured_media":9838,"comment_status":"open","ping_status":"open","sticky":false,"template":"","format":"standard","meta":{"footnotes":"","_links_to":"","_links_to_target":""},"categories":[3],"tags":[],"calendar":[],"_links":{"self":[{"href":"https:\/\/anprotec.org.br\/site\/wp-json\/wp\/v2\/posts\/9834"}],"collection":[{"href":"https:\/\/anprotec.org.br\/site\/wp-json\/wp\/v2\/posts"}],"about":[{"href":"https:\/\/anprotec.org.br\/site\/wp-json\/wp\/v2\/types\/post"}],"author":[{"embeddable":true,"href":"https:\/\/anprotec.org.br\/site\/wp-json\/wp\/v2\/users\/8"}],"replies":[{"embeddable":true,"href":"https:\/\/anprotec.org.br\/site\/wp-json\/wp\/v2\/comments?post=9834"}],"version-history":[{"count":3,"href":"https:\/\/anprotec.org.br\/site\/wp-json\/wp\/v2\/posts\/9834\/revisions"}],"predecessor-version":[{"id":9841,"href":"https:\/\/anprotec.org.br\/site\/wp-json\/wp\/v2\/posts\/9834\/revisions\/9841"}],"wp:featuredmedia":[{"embeddable":true,"href":"https:\/\/anprotec.org.br\/site\/wp-json\/wp\/v2\/media\/9838"}],"wp:attachment":[{"href":"https:\/\/anprotec.org.br\/site\/wp-json\/wp\/v2\/media?parent=9834"}],"wp:term":[{"taxonomy":"category","embeddable":true,"href":"https:\/\/anprotec.org.br\/site\/wp-json\/wp\/v2\/categories?post=9834"},{"taxonomy":"post_tag","embeddable":true,"href":"https:\/\/anprotec.org.br\/site\/wp-json\/wp\/v2\/tags?post=9834"},{"taxonomy":"calendar","embeddable":true,"href":"https:\/\/anprotec.org.br\/site\/wp-json\/wp\/v2\/calendar?post=9834"}],"curies":[{"name":"wp","href":"https:\/\/api.w.org\/{rel}","templated":true}]}}