{"id":9757,"date":"2015-03-11T09:54:35","date_gmt":"2015-03-11T12:54:35","guid":{"rendered":"http:\/\/anprotec.org.br\/site\/?p=9757"},"modified":"2015-03-11T09:59:29","modified_gmt":"2015-03-11T12:59:29","slug":"ministro-da-cti-ira-participar-de-audiencias-publicas","status":"publish","type":"post","link":"https:\/\/anprotec.org.br\/site\/2015\/03\/ministro-da-cti-ira-participar-de-audiencias-publicas\/","title":{"rendered":"Ministro da C,T&amp;I participar\u00e1 de audi\u00eancias p\u00fablicas"},"content":{"rendered":"<p style=\"text-align: justify\"><img decoding=\"async\" loading=\"lazy\" class=\"alignleft size-thumbnail wp-image-9759\" alt=\"ministro aldo rebelo_audiencias publicas\" src=\"https:\/\/anprotec.org.br\/site\/wp-content\/uploads\/2015\/03\/ministro-aldo-rebelo_audiencias-publicas1-270x160.jpg\" width=\"270\" height=\"160\" \/>O ministro da Ci\u00eancia, Tecnologia e Inova\u00e7\u00e3o, Aldo Rebelo, e o presidente da Comiss\u00e3o de Ci\u00eancia e Tecnologia, Comunica\u00e7\u00e3o e Inform\u00e1tica da C\u00e2mara dos Deputados (CCTCI), F\u00e1bio Sousa (PSDB-GO) (foto), firmaram nesta ter\u00e7a-feira (10) o compromisso de organizar uma s\u00e9rie de audi\u00eancias p\u00fablicas em estados brasileiros para debater estrat\u00e9gias para a \u00e1rea, com foco em desenvolvimento regional.<\/p>\n<p style=\"text-align: justify\">Segundo o deputado, as sess\u00f5es devem circular o Pa\u00eds para estimular a inova\u00e7\u00e3o tecnol\u00f3gica. &#8220;Seja no Nordeste, no Norte, no Centro-Oeste, no Sul ou no Sudeste, essas audi\u00eancias p\u00fablicas regionalizadas ser\u00e3o de suma import\u00e2ncia. Primeiro porque cada lugar tem uma realidade e, depois, porque n\u00f3s temos, dentro da comiss\u00e3o, representantes de cada regi\u00e3o&#8221;, disse Sousa.<\/p>\n<p style=\"text-align: justify\">O ministro tamb\u00e9m confirmou presen\u00e7a em debate a ser marcado pela CCTCI, na C\u00e2mara dos Deputados, para expor prioridades e projetos da pasta. Na \u00faltima quinta-feira (5), ele participou, a convite dos parlamentares, de Comiss\u00e3o Geral na Casa. Na ocasi\u00e3o,\u00a0<a href=\"http:\/\/www.mcti.gov.br\/noticias\/-\/asset_publisher\/IqV53KMvD5rY\/content\/deputados-expressam-apoio-a-ministro-para-destravar-projetos-de-ciencia-e-tecnologia\" target=\"_blank\">deputados da base governista e da oposi\u00e7\u00e3o<\/a>manifestaram apoio aos projetos de lei em tramita\u00e7\u00e3o no Congresso e que s\u00e3o de interesse da ci\u00eancia, tecnologia e inova\u00e7\u00e3o (CT&amp;I).<\/p>\n<p style=\"text-align: justify\">Para Sousa, a aproxima\u00e7\u00e3o entre os poderes Executivo e Legislativo \u00e9 essencial para a CT&amp;I. &#8220;\u00c9 importante ter sempre aberto esse di\u00e1logo, essa capacidade de conversa, ainda mais em um tema que n\u00e3o pode ser em hip\u00f3tese alguma partid\u00e1rio, que precisa receber uma abordagem t\u00e9cnica&#8221;, avaliou o deputado.<\/p>\n<p style=\"text-align: justify\">*Com informa\u00e7\u00f5es e imagem da Ascom\/MCTI<\/p>\n","protected":false},"excerpt":{"rendered":"<p><!--:pt-->Aldo Rebelo se comprometeu a visitar os estados brasileiros com o presidente da Comiss\u00e3o de Ci\u00eancia e Tecnologia, Comunica\u00e7\u00e3o e Inform\u00e1tica. Ideia \u00e9 debater o desenvolvimento regional.<!--:--><\/p>\n","protected":false},"author":8,"featured_media":9758,"comment_status":"open","ping_status":"open","sticky":false,"template":"","format":"standard","meta":{"footnotes":"","_links_to":"","_links_to_target":""},"categories":[3],"tags":[],"calendar":[],"_links":{"self":[{"href":"https:\/\/anprotec.org.br\/site\/wp-json\/wp\/v2\/posts\/9757"}],"collection":[{"href":"https:\/\/anprotec.org.br\/site\/wp-json\/wp\/v2\/posts"}],"about":[{"href":"https:\/\/anprotec.org.br\/site\/wp-json\/wp\/v2\/types\/post"}],"author":[{"embeddable":true,"href":"https:\/\/anprotec.org.br\/site\/wp-json\/wp\/v2\/users\/8"}],"replies":[{"embeddable":true,"href":"https:\/\/anprotec.org.br\/site\/wp-json\/wp\/v2\/comments?post=9757"}],"version-history":[{"count":5,"href":"https:\/\/anprotec.org.br\/site\/wp-json\/wp\/v2\/posts\/9757\/revisions"}],"predecessor-version":[{"id":9764,"href":"https:\/\/anprotec.org.br\/site\/wp-json\/wp\/v2\/posts\/9757\/revisions\/9764"}],"wp:featuredmedia":[{"embeddable":true,"href":"https:\/\/anprotec.org.br\/site\/wp-json\/wp\/v2\/media\/9758"}],"wp:attachment":[{"href":"https:\/\/anprotec.org.br\/site\/wp-json\/wp\/v2\/media?parent=9757"}],"wp:term":[{"taxonomy":"category","embeddable":true,"href":"https:\/\/anprotec.org.br\/site\/wp-json\/wp\/v2\/categories?post=9757"},{"taxonomy":"post_tag","embeddable":true,"href":"https:\/\/anprotec.org.br\/site\/wp-json\/wp\/v2\/tags?post=9757"},{"taxonomy":"calendar","embeddable":true,"href":"https:\/\/anprotec.org.br\/site\/wp-json\/wp\/v2\/calendar?post=9757"}],"curies":[{"name":"wp","href":"https:\/\/api.w.org\/{rel}","templated":true}]}}