{"id":9724,"date":"2015-03-09T15:54:11","date_gmt":"2015-03-09T18:54:11","guid":{"rendered":"http:\/\/anprotec.org.br\/site\/?p=9724"},"modified":"2015-03-09T16:05:34","modified_gmt":"2015-03-09T19:05:34","slug":"supera-incubadora-selecionara-11-novos-negocios","status":"publish","type":"post","link":"https:\/\/anprotec.org.br\/site\/2015\/03\/supera-incubadora-selecionara-11-novos-negocios\/","title":{"rendered":"Supera Incubadora seleciona novos empreendimentos"},"content":{"rendered":"<p style=\"text-align: justify\"><img decoding=\"async\" loading=\"lazy\" class=\"alignleft size-full wp-image-3386\" alt=\"supera\" src=\"https:\/\/anprotec.org.br\/site\/wp-content\/uploads\/2013\/07\/supera.gif\" width=\"200\" height=\"97\" \/>Com processo de sele\u00e7\u00e3o aberto para recebimento de propostas at\u00e9 o dia 3 de abril, a Supera Incubadora de Empresas de Base Tecnol\u00f3gica acaba de divulgar o n\u00famero de vagas dispon\u00edveis para o primeiro semestre de 2015. Ligada ao Supera Parque de Ribeir\u00e3o Preto, a Incubadora ir\u00e1 selecionar 11 novas empresas, que receber\u00e3o apoio e orienta\u00e7\u00e3o para o desenvolvimento de seus neg\u00f3cios.<\/p>\n<p style=\"text-align: justify\">Das 11 vagas divulgada pela Supera, cinco s\u00e3o para a modalidade de pr\u00e9-resid\u00eancia, na qual os empreendedores selecionados se fixam em uma sala compartilhada; tr\u00eas para a modalidade resid\u00eancia (com salas individuais) e tr\u00eas para associa\u00e7\u00e3o. \u201cO espa\u00e7o utilizado pelos empreendedores \u00e9 o que diferencia as modalidades. Entretanto, todos os empreendedores receber\u00e3o apoio para desenvolvimento de seus neg\u00f3cios e dos projetos encaminhados \u00e0s ag\u00eancias de fomento, ter\u00e3o acesso aos contatos da Supera, incentivos para participa\u00e7\u00e3o de feiras e eventos, al\u00e9m de utilizarem a infraestrutura do Parque\u201d, explica Saulo Rodrigues, gerente da Incubadora.<\/p>\n<p style=\"text-align: justify\">Podem participar da sele\u00e7\u00e3o empresas de base tecnol\u00f3gica e inovadoras, especialmente as da \u00e1rea da sa\u00fade. \u201cApesar de atendermos, prioritariamente, as empresas oriundas da \u00e1rea da sa\u00fade, mas n\u00e3o descartamos apoio \u00e0s empresas de outras \u00e1reas de atua\u00e7\u00e3o. Um dos fatores mais relevantes para que a empresa ingresse na Incubadora \u00e9 apresentar uma ideia inovadora\u201d, enfatiza Rodrigues.<\/p>\n<p style=\"text-align: justify\"><b>Processo seletivo<\/b><\/p>\n<p style=\"text-align: justify\">O investimento para se inscrever no edital \u00e9 de R$ 100, incluindo a participa\u00e7\u00e3o (um membro) no curso de capacita\u00e7\u00e3o para elabora\u00e7\u00e3o de modelo de neg\u00f3cios. As propostas recebidas pela Supera Incubadora ser\u00e3o submetidas ao parecer de um comit\u00ea t\u00e9cnico cient\u00edfico e julgadas pelo conselho consultivo. Ser\u00e3o avaliados crit\u00e9rios como experi\u00eancia t\u00e9cnica e gerencial, perfil do empreendedor, grau de inova\u00e7\u00e3o ou ineditismo cient\u00edfico do projeto, entre outros.<\/p>\n<p style=\"text-align: justify\">O edital est\u00e1 dispon\u00edvel no site\u00a0<a href=\"http:\/\/www.fipase.org.br\/\" target=\"_blank\">www.fipase.org.br<\/a>.<\/p>\n<p style=\"text-align: justify\">*Com informa\u00e7\u00f5es e imagem da Supera<\/p>\n","protected":false},"excerpt":{"rendered":"<p><!--:pt-->Propostas podem ser submetidas at\u00e9 o dia 3 de abril. Ser\u00e3o cinco vagas para pr\u00e9-resid\u00eancia, tr\u00eas para resid\u00eancia e tr\u00eas para associa\u00e7\u00e3o \u00e0 incubadora que fica em Ribeiro Preto (SP).<!--:--><\/p>\n","protected":false},"author":8,"featured_media":5738,"comment_status":"open","ping_status":"open","sticky":false,"template":"","format":"standard","meta":{"footnotes":"","_links_to":"","_links_to_target":""},"categories":[3],"tags":[],"calendar":[],"_links":{"self":[{"href":"https:\/\/anprotec.org.br\/site\/wp-json\/wp\/v2\/posts\/9724"}],"collection":[{"href":"https:\/\/anprotec.org.br\/site\/wp-json\/wp\/v2\/posts"}],"about":[{"href":"https:\/\/anprotec.org.br\/site\/wp-json\/wp\/v2\/types\/post"}],"author":[{"embeddable":true,"href":"https:\/\/anprotec.org.br\/site\/wp-json\/wp\/v2\/users\/8"}],"replies":[{"embeddable":true,"href":"https:\/\/anprotec.org.br\/site\/wp-json\/wp\/v2\/comments?post=9724"}],"version-history":[{"count":3,"href":"https:\/\/anprotec.org.br\/site\/wp-json\/wp\/v2\/posts\/9724\/revisions"}],"predecessor-version":[{"id":9727,"href":"https:\/\/anprotec.org.br\/site\/wp-json\/wp\/v2\/posts\/9724\/revisions\/9727"}],"wp:featuredmedia":[{"embeddable":true,"href":"https:\/\/anprotec.org.br\/site\/wp-json\/wp\/v2\/media\/5738"}],"wp:attachment":[{"href":"https:\/\/anprotec.org.br\/site\/wp-json\/wp\/v2\/media?parent=9724"}],"wp:term":[{"taxonomy":"category","embeddable":true,"href":"https:\/\/anprotec.org.br\/site\/wp-json\/wp\/v2\/categories?post=9724"},{"taxonomy":"post_tag","embeddable":true,"href":"https:\/\/anprotec.org.br\/site\/wp-json\/wp\/v2\/tags?post=9724"},{"taxonomy":"calendar","embeddable":true,"href":"https:\/\/anprotec.org.br\/site\/wp-json\/wp\/v2\/calendar?post=9724"}],"curies":[{"name":"wp","href":"https:\/\/api.w.org\/{rel}","templated":true}]}}