{"id":952,"date":"2012-11-23T13:16:49","date_gmt":"2012-11-23T16:16:49","guid":{"rendered":"http:\/\/anprotec.org.br\/site\/?p=952"},"modified":"2012-11-23T13:57:20","modified_gmt":"2012-11-23T16:57:20","slug":"anprotec-convoca-associados-para-assembleia","status":"publish","type":"post","link":"https:\/\/anprotec.org.br\/site\/2012\/11\/anprotec-convoca-associados-para-assembleia\/","title":{"rendered":"Anprotec convoca para Assembleia Geral"},"content":{"rendered":"<p style=\"text-align: justify;\" align=\"right\">A Anprotec convoca todos os seus associados a participarem de sua\u00a07\u00aa Assembleia Geral Extraordin\u00e1ria, a ser realizada no pr\u00f3ximo dia 10 de dezembro, no Bras\u00edlia Palace Hotel, em Bras\u00edlia (DF), a partir das 15h30. Entre os itens da pauta est\u00e3o a movimenta\u00e7\u00e3o de associados, a apresenta\u00e7\u00e3o das atividades desenvolvidas ao longo de 2012, a presta\u00e7\u00e3o de contas e a aprecia\u00e7\u00e3o do\u00a0\u00a0Plano de A\u00e7\u00e3o Anual e da Proposta Or\u00e7ament\u00e1ria para o exerc\u00edcio de 2013, al\u00e9m de outros temas de interesse da Associa\u00e7\u00e3o.<\/p>\n<p style=\"text-align: justify;\" align=\"right\">Podem participar da Assembleia, com direito a voto, os associados titulares em dia com a anuidade, devidamente representados na forma de seus estatutos ou por procuradores (baixe <a href=\"http:\/\/www.anprotec.org.br\/Relata\/Modelo_Procuracao_7%20AGE.doc\">aqui<\/a> o modelo de procura\u00e7\u00e3o).<\/p>\n<p>Confira a <a href=\"http:\/\/www.anprotec.org.br\/Relata\/Convocacao%207%20Assembleia%20Extraordin\u00e1ria_2012.pdf\">Convoca\u00e7\u00e3o Oficial<\/a>.<\/p>\n","protected":false},"excerpt":{"rendered":"<p>A 7\u00aa Assembleia Geral Extraordin\u00e1ria ser\u00e1 realizada no pr\u00f3ximo dia 10 de dezembro, em Bras\u00edlia (DF), a partir das 15h30. Confira a pauta. <\/p>\n","protected":false},"author":8,"featured_media":954,"comment_status":"open","ping_status":"open","sticky":false,"template":"","format":"standard","meta":{"footnotes":"","_links_to":"","_links_to_target":""},"categories":[3],"tags":[],"calendar":[],"_links":{"self":[{"href":"https:\/\/anprotec.org.br\/site\/wp-json\/wp\/v2\/posts\/952"}],"collection":[{"href":"https:\/\/anprotec.org.br\/site\/wp-json\/wp\/v2\/posts"}],"about":[{"href":"https:\/\/anprotec.org.br\/site\/wp-json\/wp\/v2\/types\/post"}],"author":[{"embeddable":true,"href":"https:\/\/anprotec.org.br\/site\/wp-json\/wp\/v2\/users\/8"}],"replies":[{"embeddable":true,"href":"https:\/\/anprotec.org.br\/site\/wp-json\/wp\/v2\/comments?post=952"}],"version-history":[{"count":10,"href":"https:\/\/anprotec.org.br\/site\/wp-json\/wp\/v2\/posts\/952\/revisions"}],"predecessor-version":[{"id":962,"href":"https:\/\/anprotec.org.br\/site\/wp-json\/wp\/v2\/posts\/952\/revisions\/962"}],"wp:featuredmedia":[{"embeddable":true,"href":"https:\/\/anprotec.org.br\/site\/wp-json\/wp\/v2\/media\/954"}],"wp:attachment":[{"href":"https:\/\/anprotec.org.br\/site\/wp-json\/wp\/v2\/media?parent=952"}],"wp:term":[{"taxonomy":"category","embeddable":true,"href":"https:\/\/anprotec.org.br\/site\/wp-json\/wp\/v2\/categories?post=952"},{"taxonomy":"post_tag","embeddable":true,"href":"https:\/\/anprotec.org.br\/site\/wp-json\/wp\/v2\/tags?post=952"},{"taxonomy":"calendar","embeddable":true,"href":"https:\/\/anprotec.org.br\/site\/wp-json\/wp\/v2\/calendar?post=952"}],"curies":[{"name":"wp","href":"https:\/\/api.w.org\/{rel}","templated":true}]}}