{"id":9413,"date":"2015-01-28T14:54:58","date_gmt":"2015-01-28T17:54:58","guid":{"rendered":"http:\/\/anprotec.org.br\/site\/?p=9413"},"modified":"2015-01-28T14:58:22","modified_gmt":"2015-01-28T17:58:22","slug":"anprotec-participa-de-evento-da-apex-brasil","status":"publish","type":"post","link":"https:\/\/anprotec.org.br\/site\/2015\/01\/anprotec-participa-de-evento-da-apex-brasil\/","title":{"rendered":"Anprotec participa de evento da Apex-Brasil"},"content":{"rendered":"<p style=\"text-align: justify\"><img decoding=\"async\" loading=\"lazy\" class=\"alignleft size-full wp-image-5186\" alt=\"apex3\" src=\"https:\/\/anprotec.org.br\/site\/wp-content\/uploads\/2013\/12\/apex32.jpg\" width=\"270\" height=\"130\" \/>A Anprotec foi uma das entidades representativas convidada a participar, nesta quarta-feira (28), da apresenta\u00e7\u00e3o das principais linhas do Plano Nacional de Exporta\u00e7\u00e3o, da Ag\u00eancia Brasileira de Promo\u00e7\u00e3o de Exporta\u00e7\u00f5es e Investimentos (Apex-Brasil), ligada ao Minist\u00e9rio do Desenvolvimento, Ind\u00fastria e Com\u00e9rcio Exterior (MDIC).<\/p>\n<p style=\"text-align: justify\">O secret\u00e1rio executivo, Ivan Ramalho, e o secret\u00e1rio de Com\u00e9rcio Exterior, Daniel Godinho, ambos do MDIC, apresentaram para os participantes o Plano que tem o objetivo de diversificar a pauta dos destinos e das origens das exporta\u00e7\u00f5es. Em seguida, as entidades representativas foram convidadas a contribuir oferecendo cr\u00edticas e sugest\u00f5es.<\/p>\n<p style=\"text-align: justify\">*Com informa\u00e7\u00f5es da Apex-Brasil<\/p>\n<p style=\"text-align: justify\">* Foto Shutterstock<\/p>\n","protected":false},"excerpt":{"rendered":"<p><!--:pt-->Evento realizado nesta quarta-feira em S\u00e3o Paulo reuniu entidades representativas para debater as principais linhas do Plano Nacional de Exporta\u00e7\u00e3o proposto pelo governo federal.<!--:--><\/p>\n","protected":false},"author":8,"featured_media":5828,"comment_status":"open","ping_status":"open","sticky":false,"template":"","format":"standard","meta":{"footnotes":"","_links_to":"","_links_to_target":""},"categories":[3],"tags":[],"calendar":[],"_links":{"self":[{"href":"https:\/\/anprotec.org.br\/site\/wp-json\/wp\/v2\/posts\/9413"}],"collection":[{"href":"https:\/\/anprotec.org.br\/site\/wp-json\/wp\/v2\/posts"}],"about":[{"href":"https:\/\/anprotec.org.br\/site\/wp-json\/wp\/v2\/types\/post"}],"author":[{"embeddable":true,"href":"https:\/\/anprotec.org.br\/site\/wp-json\/wp\/v2\/users\/8"}],"replies":[{"embeddable":true,"href":"https:\/\/anprotec.org.br\/site\/wp-json\/wp\/v2\/comments?post=9413"}],"version-history":[{"count":4,"href":"https:\/\/anprotec.org.br\/site\/wp-json\/wp\/v2\/posts\/9413\/revisions"}],"predecessor-version":[{"id":9417,"href":"https:\/\/anprotec.org.br\/site\/wp-json\/wp\/v2\/posts\/9413\/revisions\/9417"}],"wp:featuredmedia":[{"embeddable":true,"href":"https:\/\/anprotec.org.br\/site\/wp-json\/wp\/v2\/media\/5828"}],"wp:attachment":[{"href":"https:\/\/anprotec.org.br\/site\/wp-json\/wp\/v2\/media?parent=9413"}],"wp:term":[{"taxonomy":"category","embeddable":true,"href":"https:\/\/anprotec.org.br\/site\/wp-json\/wp\/v2\/categories?post=9413"},{"taxonomy":"post_tag","embeddable":true,"href":"https:\/\/anprotec.org.br\/site\/wp-json\/wp\/v2\/tags?post=9413"},{"taxonomy":"calendar","embeddable":true,"href":"https:\/\/anprotec.org.br\/site\/wp-json\/wp\/v2\/calendar?post=9413"}],"curies":[{"name":"wp","href":"https:\/\/api.w.org\/{rel}","templated":true}]}}