{"id":9331,"date":"2015-01-23T14:17:13","date_gmt":"2015-01-23T17:17:13","guid":{"rendered":"http:\/\/anprotec.org.br\/site\/?p=9331"},"modified":"2015-01-23T14:29:10","modified_gmt":"2015-01-23T17:29:10","slug":"finep-limita-em-10-equalizacao-dos-juros-de-projetos","status":"publish","type":"post","link":"https:\/\/anprotec.org.br\/site\/2015\/01\/finep-limita-em-10-equalizacao-dos-juros-de-projetos\/","title":{"rendered":"Finep limita em 10% ao ano equaliza\u00e7\u00e3o dos juros"},"content":{"rendered":"<p style=\"text-align: justify\"><img decoding=\"async\" loading=\"lazy\" class=\"alignleft size-thumbnail wp-image-5524\" alt=\"logo_novo finep\" src=\"https:\/\/anprotec.org.br\/site\/wp-content\/uploads\/2014\/02\/logo_novo-finep-270x160.jpg\" width=\"270\" height=\"160\" \/>A C\u00e2mara T\u00e9cnica de Pol\u00edticas de Incentivo \u00e0 Inova\u00e7\u00e3o, do Minist\u00e9rio da Ci\u00eancia, Tecnologia e Inova\u00e7\u00e3o, limitar\u00e1 em 10% ao ano a parcela a ser equalizada dos juros das opera\u00e7\u00f5es de cr\u00e9dito da Ag\u00eancia Brasileira de Inova\u00e7\u00e3o, a Finep. A medida foi divulgada nesta quarta-feira, dia 21, no\u00a0<a href=\"http:\/\/pesquisa.in.gov.br\/imprensa\/jsp\/visualiza\/index.jsp?jornal=1&amp;pagina=5&amp;data=21\/01\/2015\" target=\"_blank\">Di\u00e1rio Oficial da Uni\u00e3o<\/a>, e valer\u00e1 para opera\u00e7\u00f5es aprovadas no primeiro trimestre de 2015.<\/p>\n<p style=\"text-align: justify\">De acordo com a resolu\u00e7\u00e3o, caso o valor ultrapasse o limite estabelecido, a Finep encaminhar\u00e1 \u00e0 c\u00e2mara t\u00e9cnica proposta de um novo limite para essa equaliza\u00e7\u00e3o. Assim, poder\u00e3o ser evitadas perdas e a Finep adequar\u00e1 a pol\u00edtica de opera\u00e7\u00f5es \u00e0s novas condi\u00e7\u00f5es.<\/p>\n<p style=\"text-align: justify\">Para a aquisi\u00e7\u00e3o do benef\u00edcio, os projetos dever\u00e3o responder a alguns crit\u00e9rios quanto aos seus objetivos, por exemplo, propostas de desenvolvimento tecnol\u00f3gico que tenham como resultado final a inova\u00e7\u00e3o para o mercado nacional.<\/p>\n<p style=\"text-align: justify\">Nos crit\u00e9rios de inova\u00e7\u00e3o e competitividade, os projetos ter\u00e3o que estar voltados para o desenvolvimento e aperfei\u00e7oamento de produtos a fim de consolidar a pr\u00e1tica de investimento em inova\u00e7\u00e3o como estrat\u00e9gia relevante para a competitividade empresarial.<\/p>\n<p style=\"text-align: justify\">A Finep tamb\u00e9m apoiar\u00e1 projetos de atendimento \u00e0s necessidades econ\u00f4micas e sociais de setores exclusivos, entre eles o de petr\u00f3leo, g\u00e1s e energias renov\u00e1veis e tamb\u00e9m os que necessitem de um pr\u00e9-investimento como estudos de viabilidade t\u00e9cnica e econ\u00f4mica.<\/p>\n<p style=\"text-align: justify\">*Com informa\u00e7\u00f5es da Ag\u00eancia Brasil<\/p>\n","protected":false},"excerpt":{"rendered":"<p><!--:pt-->Governo publicou resolu\u00e7\u00e3o nesta semana e benef\u00edcio ser\u00e1 direcionado para propostas de inova\u00e7\u00e3o pioneira e cont\u00ednua. Medida valer\u00e1 para projetos aprovados j\u00e1 no in\u00edcio de 2015.<!--:--><\/p>\n","protected":false},"author":8,"featured_media":5524,"comment_status":"open","ping_status":"open","sticky":false,"template":"","format":"standard","meta":{"footnotes":"","_links_to":"","_links_to_target":""},"categories":[3],"tags":[],"calendar":[],"_links":{"self":[{"href":"https:\/\/anprotec.org.br\/site\/wp-json\/wp\/v2\/posts\/9331"}],"collection":[{"href":"https:\/\/anprotec.org.br\/site\/wp-json\/wp\/v2\/posts"}],"about":[{"href":"https:\/\/anprotec.org.br\/site\/wp-json\/wp\/v2\/types\/post"}],"author":[{"embeddable":true,"href":"https:\/\/anprotec.org.br\/site\/wp-json\/wp\/v2\/users\/8"}],"replies":[{"embeddable":true,"href":"https:\/\/anprotec.org.br\/site\/wp-json\/wp\/v2\/comments?post=9331"}],"version-history":[{"count":4,"href":"https:\/\/anprotec.org.br\/site\/wp-json\/wp\/v2\/posts\/9331\/revisions"}],"predecessor-version":[{"id":9333,"href":"https:\/\/anprotec.org.br\/site\/wp-json\/wp\/v2\/posts\/9331\/revisions\/9333"}],"wp:featuredmedia":[{"embeddable":true,"href":"https:\/\/anprotec.org.br\/site\/wp-json\/wp\/v2\/media\/5524"}],"wp:attachment":[{"href":"https:\/\/anprotec.org.br\/site\/wp-json\/wp\/v2\/media?parent=9331"}],"wp:term":[{"taxonomy":"category","embeddable":true,"href":"https:\/\/anprotec.org.br\/site\/wp-json\/wp\/v2\/categories?post=9331"},{"taxonomy":"post_tag","embeddable":true,"href":"https:\/\/anprotec.org.br\/site\/wp-json\/wp\/v2\/tags?post=9331"},{"taxonomy":"calendar","embeddable":true,"href":"https:\/\/anprotec.org.br\/site\/wp-json\/wp\/v2\/calendar?post=9331"}],"curies":[{"name":"wp","href":"https:\/\/api.w.org\/{rel}","templated":true}]}}