{"id":9326,"date":"2015-01-22T09:33:32","date_gmt":"2015-01-22T12:33:32","guid":{"rendered":"http:\/\/anprotec.org.br\/site\/?p=9326"},"modified":"2015-01-22T09:33:32","modified_gmt":"2015-01-22T12:33:32","slug":"tha-comeca-2015-com-diversas-atividades","status":"publish","type":"post","link":"https:\/\/anprotec.org.br\/site\/2015\/01\/tha-comeca-2015-com-diversas-atividades\/","title":{"rendered":"THA come\u00e7a 2015 com diversas atividades"},"content":{"rendered":"<p style=\"text-align: justify\">\u00a0<img decoding=\"async\" loading=\"lazy\" class=\"alignleft size-thumbnail wp-image-9327\" alt=\"trabalhos\" src=\"https:\/\/anprotec.org.br\/site\/wp-content\/uploads\/2015\/01\/trabalhos-270x160.jpg\" width=\"270\" height=\"160\" \/>O ano de 2015 come\u00e7a com diversas atividades promovidas pela Triple Helix Association com o objetivo de promover maior integra\u00e7\u00e3o entre seus associados e entidades da tr\u00edplice h\u00e9lice (universidade, governo e empresa). \u00a0Dentre as atividades, h\u00e1 a chamada de trabalhos para a XIII Confer\u00eancia Internacional da Tr\u00edplice H\u00e9lice, que ocorrer\u00e1 de 21 a 23 de agosto de 2015, em Pequim, e o webinar <a href=\"https:\/\/www.triplehelixassociation.org\/webinar-series\/university-rankings\" target=\"_blank\">\u201cUniversity Rankings, the Triple Helix Model and Webometrics: Opening Pandora\u2019s Box!\u201d<\/a>.<\/p>\n<p style=\"text-align: justify\"><span style=\"line-height: 1.5em\">Como representante da Associa\u00e7\u00e3o no Brasil, a Anprotec conceder\u00e1 tr\u00eas inscri\u00e7\u00f5es gratuitas para os interessados em assistir ao webinar <\/span>\u201cUniversity Rankings, the Triple Helix Model and Webometrics: Opening Pandora\u2019s Box!\u201d<span style=\"line-height: 1.5em\">, uma atividade gratuita aos associados da THA. \u201cO objetivo \u00e9 que as pessoas e organiza\u00e7\u00f5es ainda n\u00e3o associadas \u00e0 THA possam conhecer o trabalho da Associa\u00e7\u00e3o\u201d, afirma Aksara Somchinda, consultora para projetos de coopera\u00e7\u00e3o internacional da Anprotec.<\/span><\/p>\n<p style=\"text-align: justify\">Os interessados devem enviar um email para <a href=\"mailto:aksara@anprotec.org.br\">aksara@anprotec.org.br<\/a> at\u00e9 o dia 10 de fevereiro, com o assunto \u201cCortesia para webinar 20\/02\/2015\u201d, respondendo \u00e0 pergunta \u201cPor que mere\u00e7o ganhar a cortesia para assistir ao webinar: \u201cUniversity Rankings, the Triple Helix Model and Webometrics: Opening Pandora\u2019s Box!\u201d, em at\u00e9 100 palavras. Tamb\u00e9m devem informar o nome completo e telefone com DDD.<\/p>\n<p style=\"text-align: justify\">Veja abaixo outras oportunidades e a\u00e7\u00f5es promovidas pela THA:<\/p>\n<p style=\"text-align: justify\"><b>Chamada de Trabalhos<\/b>: At\u00e9 o dia 31 de janeiro, os interessados em apresentar trabalhos durante a <a href=\"https:\/\/www.triplehelixassociation.org\/news\/triple-helix-international-conference-2015\" target=\"_blank\">XIII Confer\u00eancia Internacional da Tr\u00edplice H\u00e9lice<\/a>, que ocorrer\u00e1 de 21 a 23 de Agosto de 2015, em Pequim, podem enviar suas contribui\u00e7\u00f5es. Para mais informa\u00e7\u00f5es, clique aqui.<\/p>\n<p style=\"text-align: justify\"><b style=\"line-height: 1.5em\">Participa\u00e7\u00e3o Grupos de Pesquisa Tem\u00e1tica<\/b><span style=\"line-height: 1.5em\">: associados e interessados em fazer parte da THA podem participar dos grupos e aprender em rede com seus pares e colegas internacionais. S\u00e3o quatro grupos: Transfer\u00eancia de tecnologia e conhecimento; Parceria universidade-ind\u00fastria; Universidades empreendedoras e Modelos e Sistema de inova\u00e7\u00e3o nacionais.<\/span><\/p>\n<p style=\"text-align: justify\"><b>Contribui\u00e7\u00e3o para a newsletter Helice<\/b>: a newsletter trimestral da THA publica regularmente artigos, com 3mil a 4 mil palavras sobre evolu\u00e7\u00e3o e pr\u00e1ticas da Tr\u00edplice H\u00e9lice, sendo uma vitrine internacional para as realiza\u00e7\u00f5es de seus membros e interessados. Os textos podem ser enviados para <a href=\"mailto:sheila.forbes@strath.ac.uk\" target=\"_blank\">sheila.forbes@strath.ac.uk<\/a><span style=\"text-decoration: underline\">.\u00a0<\/span><\/p>\n<p style=\"text-align: justify\">* Com informa\u00e7\u00f5es da THA<br \/>\n* Foto: Shuttertstock<\/p>\n","protected":false},"excerpt":{"rendered":"<p><!--:pt-->Como representante da Associa\u00e7\u00e3o no Brasil, a Anprotec conceder\u00e1 tr\u00eas inscri\u00e7\u00f5es gratuitas para n\u00e3o-s\u00f3cios da THA acompanharem a transmiss\u00e3o de um webinar em fevereiro deste ano. <!--:--><\/p>\n","protected":false},"author":8,"featured_media":9327,"comment_status":"open","ping_status":"open","sticky":false,"template":"","format":"standard","meta":{"footnotes":"","_links_to":"","_links_to_target":""},"categories":[3],"tags":[],"calendar":[],"_links":{"self":[{"href":"https:\/\/anprotec.org.br\/site\/wp-json\/wp\/v2\/posts\/9326"}],"collection":[{"href":"https:\/\/anprotec.org.br\/site\/wp-json\/wp\/v2\/posts"}],"about":[{"href":"https:\/\/anprotec.org.br\/site\/wp-json\/wp\/v2\/types\/post"}],"author":[{"embeddable":true,"href":"https:\/\/anprotec.org.br\/site\/wp-json\/wp\/v2\/users\/8"}],"replies":[{"embeddable":true,"href":"https:\/\/anprotec.org.br\/site\/wp-json\/wp\/v2\/comments?post=9326"}],"version-history":[{"count":2,"href":"https:\/\/anprotec.org.br\/site\/wp-json\/wp\/v2\/posts\/9326\/revisions"}],"predecessor-version":[{"id":9329,"href":"https:\/\/anprotec.org.br\/site\/wp-json\/wp\/v2\/posts\/9326\/revisions\/9329"}],"wp:featuredmedia":[{"embeddable":true,"href":"https:\/\/anprotec.org.br\/site\/wp-json\/wp\/v2\/media\/9327"}],"wp:attachment":[{"href":"https:\/\/anprotec.org.br\/site\/wp-json\/wp\/v2\/media?parent=9326"}],"wp:term":[{"taxonomy":"category","embeddable":true,"href":"https:\/\/anprotec.org.br\/site\/wp-json\/wp\/v2\/categories?post=9326"},{"taxonomy":"post_tag","embeddable":true,"href":"https:\/\/anprotec.org.br\/site\/wp-json\/wp\/v2\/tags?post=9326"},{"taxonomy":"calendar","embeddable":true,"href":"https:\/\/anprotec.org.br\/site\/wp-json\/wp\/v2\/calendar?post=9326"}],"curies":[{"name":"wp","href":"https:\/\/api.w.org\/{rel}","templated":true}]}}