{"id":9287,"date":"2015-01-19T14:33:57","date_gmt":"2015-01-19T17:33:57","guid":{"rendered":"http:\/\/anprotec.org.br\/site\/?p=9287"},"modified":"2015-01-19T14:38:51","modified_gmt":"2015-01-19T17:38:51","slug":"fapeam-e-anprotec-promovem-curso-de-capacitacao","status":"publish","type":"post","link":"https:\/\/anprotec.org.br\/site\/2015\/01\/fapeam-e-anprotec-promovem-curso-de-capacitacao\/","title":{"rendered":"Fapeam e Anprotec promovem capacita\u00e7\u00e3o"},"content":{"rendered":"<p style=\"text-align: justify\"><img decoding=\"async\" loading=\"lazy\" class=\"alignleft size-thumbnail wp-image-9288\" alt=\"fapeam-proincubadoras\" src=\"https:\/\/anprotec.org.br\/site\/wp-content\/uploads\/2015\/01\/fapeam-proincubadoras-270x160.jpg\" width=\"270\" height=\"160\" \/>A Funda\u00e7\u00e3o de Amparo \u00e0 Pesquisa do Estado do Amazonas (Fapeam) e a Anprotec realizar\u00e3o, na tarde desta segunda-feira (19), um curso de capacita\u00e7\u00e3o para submiss\u00e3o de propostas ao Pr\u00f3-Incubadoras.<\/p>\n<p style=\"text-align: justify\">O curso ser\u00e1 ministrado pela superintendente-executiva, Sheila Oliveira Pires, e pelo coordenador de projetos estrat\u00e9gicos, ambos da Anprotec, Carlos Eduardo Negr\u00e3o Bizzotto. A palestra \u00e9 uma oportunidade para que os interessados em apresentar propostas ao Pr\u00f3-Incubadoras possam tirar suas d\u00favidas e assim submeter projetos alinhados ao modelo de gest\u00e3o da Anprotec, o Centro de Refer\u00eancia para Apoio a Novos Empreendimentos (Cerne).<\/p>\n<p style=\"text-align: justify\">De acordo com Sheila, o curso \u00e9 uma oficina de alinhamento, na qual ser\u00e3o apresentadas informa\u00e7\u00f5es, t\u00e9cnicas e dicas importantes para a elabora\u00e7\u00e3o de projetos. Ela explicou que as atividades desta coopera\u00e7\u00e3o envolvem o apoio para a implanta\u00e7\u00e3o de novas incubadoras no Amazonas, principalmente no interior do Estado, e o aperfei\u00e7oamento das incubadoras existentes. \u201cEspera-se aumentar o n\u00famero de empreendimentos inovadores e gerar empresas mais competitivas para o mercado\u201d.<\/p>\n<p style=\"text-align: justify\">Para promover a inova\u00e7\u00e3o em um estado continental como o Amazonas, segundo ela, \u00e9 necess\u00e1rio a interioriza\u00e7\u00e3o das a\u00e7\u00f5es, o est\u00edmulo \u00e0 gera\u00e7\u00e3o de empreendimentos que tenham como base as voca\u00e7\u00f5es locais\/regionais e a valoriza\u00e7\u00e3o das compet\u00eancias desenvolvidas no Estado.<\/p>\n<p style=\"text-align: justify\"><b>Pr\u00f3-incubadoras<\/b><\/p>\n<p style=\"text-align: justify\">O programa \u00e9 desenvolvido pela Fapeam e tem como objetivo incentivar a cria\u00e7\u00e3o de ambientes promotores de inova\u00e7\u00e3o e empreendedorismo no Amazonas. As inscri\u00e7\u00f5es v\u00e3o at\u00e9 o dia 9 de fevereiro.<\/p>\n<p>Para mais informa\u00e7\u00f5es acesse o <a href=\"http:\/\/www.fapeam.am.gov.br\/\" target=\"_blank\">link<\/a>.<\/p>\n<p style=\"text-align: justify\">*Com informa\u00e7\u00f5es da Fapeam<\/p>\n","protected":false},"excerpt":{"rendered":"<p><!--:pt-->As duas entidades realizar\u00e3o uma palestra para esclarecer d\u00favidas a respeito das propostas para participar do Pr\u00f3-Incubadoras, programa que incentiva o empreendedorismo no Amazonas.<!--:--><\/p>\n","protected":false},"author":8,"featured_media":9288,"comment_status":"open","ping_status":"open","sticky":false,"template":"","format":"standard","meta":{"footnotes":"","_links_to":"","_links_to_target":""},"categories":[3],"tags":[],"calendar":[],"_links":{"self":[{"href":"https:\/\/anprotec.org.br\/site\/wp-json\/wp\/v2\/posts\/9287"}],"collection":[{"href":"https:\/\/anprotec.org.br\/site\/wp-json\/wp\/v2\/posts"}],"about":[{"href":"https:\/\/anprotec.org.br\/site\/wp-json\/wp\/v2\/types\/post"}],"author":[{"embeddable":true,"href":"https:\/\/anprotec.org.br\/site\/wp-json\/wp\/v2\/users\/8"}],"replies":[{"embeddable":true,"href":"https:\/\/anprotec.org.br\/site\/wp-json\/wp\/v2\/comments?post=9287"}],"version-history":[{"count":3,"href":"https:\/\/anprotec.org.br\/site\/wp-json\/wp\/v2\/posts\/9287\/revisions"}],"predecessor-version":[{"id":9291,"href":"https:\/\/anprotec.org.br\/site\/wp-json\/wp\/v2\/posts\/9287\/revisions\/9291"}],"wp:featuredmedia":[{"embeddable":true,"href":"https:\/\/anprotec.org.br\/site\/wp-json\/wp\/v2\/media\/9288"}],"wp:attachment":[{"href":"https:\/\/anprotec.org.br\/site\/wp-json\/wp\/v2\/media?parent=9287"}],"wp:term":[{"taxonomy":"category","embeddable":true,"href":"https:\/\/anprotec.org.br\/site\/wp-json\/wp\/v2\/categories?post=9287"},{"taxonomy":"post_tag","embeddable":true,"href":"https:\/\/anprotec.org.br\/site\/wp-json\/wp\/v2\/tags?post=9287"},{"taxonomy":"calendar","embeddable":true,"href":"https:\/\/anprotec.org.br\/site\/wp-json\/wp\/v2\/calendar?post=9287"}],"curies":[{"name":"wp","href":"https:\/\/api.w.org\/{rel}","templated":true}]}}