{"id":9263,"date":"2015-01-15T15:31:50","date_gmt":"2015-01-15T18:31:50","guid":{"rendered":"http:\/\/anprotec.org.br\/site\/?p=9263"},"modified":"2015-02-11T09:58:54","modified_gmt":"2015-02-11T12:58:54","slug":"auditores-e-consultores-cerne-planejam-avaliacoes","status":"publish","type":"post","link":"https:\/\/anprotec.org.br\/site\/2015\/01\/auditores-e-consultores-cerne-planejam-avaliacoes\/","title":{"rendered":"Auditores e consultores Cerne planejam avalia\u00e7\u00f5es"},"content":{"rendered":"<p style=\"text-align: justify\"><img decoding=\"async\" loading=\"lazy\" class=\"alignleft size-thumbnail wp-image-9264\" alt=\"20150115_152003\" src=\"https:\/\/anprotec.org.br\/site\/wp-content\/uploads\/2015\/01\/20150115_152003-270x160.jpg\" width=\"270\" height=\"160\" \/>Auditores e consultores Cerne est\u00e3o reunidos em Bras\u00edlia (DF) para planejar as avalia\u00e7\u00f5es pr\u00e9vias que ser\u00e3o realizadas ainda no primeiro semestre em incubadoras de empresas que implantaram o <a href=\"https:\/\/anprotec.org.br\/cerne\/o-cerne\/conceito\/\" target=\"_blank\">modelo<\/a>.<\/p>\n<p style=\"text-align: justify\">As pr\u00e9-avalia\u00e7\u00f5es t\u00eam o objetivo de contribuir com a implanta\u00e7\u00e3o e o aperfei\u00e7oamento das pr\u00e1ticas relativas ao modelo de gest\u00e3o Cerne. Para isso, a Anprotec oferecer\u00e1 gratuitamente esse servi\u00e7o para as incubadoras que implantaram o modelo Cerne 1 e se considerem preparadas para obter a certifica\u00e7\u00e3o.<\/p>\n<p style=\"text-align: justify\">A reuni\u00e3o acontece no Centro de Conven\u00e7\u00f5es Israel Pinheiro na capital durante quinta e sexta-feira. Nela, auditores e consultores discutem elementos e pr\u00e1ticas da avalia\u00e7\u00e3o pr\u00e9via que realizar\u00e3o nas incubadoras at\u00e9 junho de 2015.<\/p>\n<p style=\"text-align: justify\">Cada equipe avaliadora ser\u00e1 formada por um auditor e por um consultor, que possuem responsabilidades espec\u00edficas. O auditor verificar\u00e1 se as pr\u00e1ticas das incubadoras avaliadas atendem aos requisitos do Cerne 1, a partir das evid\u00eancias apresentadas pela equipe gestora do ambiente de inova\u00e7\u00e3o. J\u00e1 o consultor ter\u00e1 a fun\u00e7\u00e3o de recomendar as a\u00e7\u00f5es para alguma poss\u00edvel n\u00e3o conformidade. Ap\u00f3s essa pr\u00e9-avalia\u00e7\u00e3o, a incubadora receber\u00e1 um relat\u00f3rio com as observa\u00e7\u00f5es e sugest\u00f5es.<\/p>\n","protected":false},"excerpt":{"rendered":"<p><!--:pt-->Anprotec oferecer\u00e1 avalia\u00e7\u00f5es pr\u00e9vias gratuitas  para as incubadoras que implantaram o modelo Cerne 1 e se consideram preparadas para obter a certifica\u00e7\u00e3o.<!--:--><\/p>\n","protected":false},"author":8,"featured_media":9264,"comment_status":"open","ping_status":"open","sticky":false,"template":"","format":"standard","meta":{"footnotes":"","_links_to":"","_links_to_target":""},"categories":[3],"tags":[],"calendar":[],"_links":{"self":[{"href":"https:\/\/anprotec.org.br\/site\/wp-json\/wp\/v2\/posts\/9263"}],"collection":[{"href":"https:\/\/anprotec.org.br\/site\/wp-json\/wp\/v2\/posts"}],"about":[{"href":"https:\/\/anprotec.org.br\/site\/wp-json\/wp\/v2\/types\/post"}],"author":[{"embeddable":true,"href":"https:\/\/anprotec.org.br\/site\/wp-json\/wp\/v2\/users\/8"}],"replies":[{"embeddable":true,"href":"https:\/\/anprotec.org.br\/site\/wp-json\/wp\/v2\/comments?post=9263"}],"version-history":[{"count":5,"href":"https:\/\/anprotec.org.br\/site\/wp-json\/wp\/v2\/posts\/9263\/revisions"}],"predecessor-version":[{"id":9266,"href":"https:\/\/anprotec.org.br\/site\/wp-json\/wp\/v2\/posts\/9263\/revisions\/9266"}],"wp:featuredmedia":[{"embeddable":true,"href":"https:\/\/anprotec.org.br\/site\/wp-json\/wp\/v2\/media\/9264"}],"wp:attachment":[{"href":"https:\/\/anprotec.org.br\/site\/wp-json\/wp\/v2\/media?parent=9263"}],"wp:term":[{"taxonomy":"category","embeddable":true,"href":"https:\/\/anprotec.org.br\/site\/wp-json\/wp\/v2\/categories?post=9263"},{"taxonomy":"post_tag","embeddable":true,"href":"https:\/\/anprotec.org.br\/site\/wp-json\/wp\/v2\/tags?post=9263"},{"taxonomy":"calendar","embeddable":true,"href":"https:\/\/anprotec.org.br\/site\/wp-json\/wp\/v2\/calendar?post=9263"}],"curies":[{"name":"wp","href":"https:\/\/api.w.org\/{rel}","templated":true}]}}