{"id":9259,"date":"2015-01-15T10:28:45","date_gmt":"2015-01-15T13:28:45","guid":{"rendered":"http:\/\/anprotec.org.br\/site\/?p=9259"},"modified":"2015-01-15T10:28:45","modified_gmt":"2015-01-15T13:28:45","slug":"unicamp-promove-curso-em-gestao-da-inovacao","status":"publish","type":"post","link":"https:\/\/anprotec.org.br\/site\/2015\/01\/unicamp-promove-curso-em-gestao-da-inovacao\/","title":{"rendered":"Unicamp promove curso em gest\u00e3o da inova\u00e7\u00e3o"},"content":{"rendered":"<p style=\"text-align: justify\"><img decoding=\"async\" loading=\"lazy\" class=\"alignleft size-thumbnail wp-image-6375\" alt=\"imagem pequena\" src=\"https:\/\/anprotec.org.br\/site\/wp-content\/uploads\/2014\/04\/imagem-pequena-270x160.jpg\" width=\"270\" height=\"160\" \/>O Departamento de Pol\u00edtica Cient\u00edfica e Tecnol\u00f3gica da Unicamp promove a 8\u00aa edi\u00e7\u00e3o do Curso de Especializa\u00e7\u00e3o em Gest\u00e3o Estrat\u00e9gica da Inova\u00e7\u00e3o Tecnol\u00f3gica, coordenado pelo professor Ruy Quadros. Com dura\u00e7\u00e3o de 360 horas, o curso ter\u00e1 in\u00edcio no dia 27 de mar\u00e7o e ser\u00e1 realizado no Campus da Unicamp em Campinas (SP).<\/p>\n<p style=\"text-align: justify\">O objetivo \u00e9 capacitar profissionais que gerenciam fun\u00e7\u00f5es cr\u00edticas do processo de inova\u00e7\u00e3o e que atuam em organiza\u00e7\u00f5es que criam valor com base nas inova\u00e7\u00f5es de produtos, processos, servi\u00e7os e neg\u00f3cios sustent\u00e1veis.<\/p>\n<p style=\"text-align: justify\">O curso integra m\u00f3dulos sobre processos e ferramentas de gest\u00e3o de tecnologia e inova\u00e7\u00e3o, incluindo a gest\u00e3o da inova\u00e7\u00e3o aberta, sobre pr\u00e1ticas organizacionais das empresas inovadoras, e sobre as pol\u00edticas de inova\u00e7\u00e3o e o sistema nacional de inova\u00e7\u00e3o no Brasil.<\/p>\n<p style=\"text-align: justify\">Para informa\u00e7\u00f5es acesse o site: www.extecamp.unicamp.br\/gestaodainovacao<\/p>\n<p style=\"text-align: justify\">Coordena\u00e7\u00e3o: (19) 3521-4191 \/(19) 98292-2585 (19) 99445-9335<\/p>\n<p style=\"text-align: justify\">E-mail: <a href=\"mailto:cursoinovacao.turma8@ige.unicamp.br\">cursoinovacao.turma8@ige.unicamp.br<\/a><\/p>\n<p style=\"text-align: justify\">*Com informa\u00e7\u00f5es da Unicamp<\/p>\n<p style=\"text-align: justify\">* Foto: Shutterstock<\/p>\n","protected":false},"excerpt":{"rendered":"<p><!--:pt-->Essa \u00e9 a 8\u00aa edi\u00e7\u00e3o do curso oferecido pelo Departamento de Pol\u00edtica Cient\u00edfica e Tecnol\u00f3gica da Universidade. Aulas come\u00e7am no dia 27 de mar\u00e7o em Campinas.<!--:--><\/p>\n","protected":false},"author":8,"featured_media":6375,"comment_status":"open","ping_status":"open","sticky":false,"template":"","format":"standard","meta":{"footnotes":"","_links_to":"","_links_to_target":""},"categories":[3],"tags":[],"calendar":[],"_links":{"self":[{"href":"https:\/\/anprotec.org.br\/site\/wp-json\/wp\/v2\/posts\/9259"}],"collection":[{"href":"https:\/\/anprotec.org.br\/site\/wp-json\/wp\/v2\/posts"}],"about":[{"href":"https:\/\/anprotec.org.br\/site\/wp-json\/wp\/v2\/types\/post"}],"author":[{"embeddable":true,"href":"https:\/\/anprotec.org.br\/site\/wp-json\/wp\/v2\/users\/8"}],"replies":[{"embeddable":true,"href":"https:\/\/anprotec.org.br\/site\/wp-json\/wp\/v2\/comments?post=9259"}],"version-history":[{"count":2,"href":"https:\/\/anprotec.org.br\/site\/wp-json\/wp\/v2\/posts\/9259\/revisions"}],"predecessor-version":[{"id":9262,"href":"https:\/\/anprotec.org.br\/site\/wp-json\/wp\/v2\/posts\/9259\/revisions\/9262"}],"wp:featuredmedia":[{"embeddable":true,"href":"https:\/\/anprotec.org.br\/site\/wp-json\/wp\/v2\/media\/6375"}],"wp:attachment":[{"href":"https:\/\/anprotec.org.br\/site\/wp-json\/wp\/v2\/media?parent=9259"}],"wp:term":[{"taxonomy":"category","embeddable":true,"href":"https:\/\/anprotec.org.br\/site\/wp-json\/wp\/v2\/categories?post=9259"},{"taxonomy":"post_tag","embeddable":true,"href":"https:\/\/anprotec.org.br\/site\/wp-json\/wp\/v2\/tags?post=9259"},{"taxonomy":"calendar","embeddable":true,"href":"https:\/\/anprotec.org.br\/site\/wp-json\/wp\/v2\/calendar?post=9259"}],"curies":[{"name":"wp","href":"https:\/\/api.w.org\/{rel}","templated":true}]}}