{"id":9255,"date":"2015-01-15T09:56:10","date_gmt":"2015-01-15T12:56:10","guid":{"rendered":"http:\/\/anprotec.org.br\/site\/?p=9255"},"modified":"2015-01-15T10:00:25","modified_gmt":"2015-01-15T13:00:25","slug":"concurso-de-empresa-alema-tem-inscricoes-prorrogadas","status":"publish","type":"post","link":"https:\/\/anprotec.org.br\/site\/2015\/01\/concurso-de-empresa-alema-tem-inscricoes-prorrogadas\/","title":{"rendered":"Concurso de empresa alem\u00e3 tem inscri\u00e7\u00f5es prorrogadas"},"content":{"rendered":"<p style=\"text-align: justify\"><img decoding=\"async\" loading=\"lazy\" class=\"alignleft size-thumbnail wp-image-8200\" alt=\"BR_215x143_white (1)\" src=\"https:\/\/anprotec.org.br\/site\/wp-content\/uploads\/2014\/10\/BR_215x143_white-11-270x160.jpg\" width=\"270\" height=\"160\" \/>As inscri\u00e7\u00f5es para o\u00a0<a href=\"http:\/\/www.umsolugar.com.br\/concurso\" target=\"_blank\">Concurso Cultural Fast Forward 2014<\/a>, promovido pela Visual Meta GmbH, foram prorrogadas para o dia 31 de mar\u00e7o. A Visual Meta \u00e9 uma empresa alem\u00e3 de moda, m\u00f3veis e decora\u00e7\u00e3o, que possui o portal Um S\u00f3 Lugar e conta com plataformas em 20 pa\u00edses.\u00a0O objetivo do pr\u00eamio \u00e9 fomentar duas ideias de neg\u00f3cios de estudantes brasileiros.<\/p>\n<p style=\"text-align: justify\">O pr\u00eamio selecionar\u00e1 as duas melhores propostas de neg\u00f3cio, oferecendo incentivo financeiro para que os contemplados possam abrir sua startup. Os vencedores ser\u00e3o escolhidos atrav\u00e9s de um j\u00fari de experts da Visual Meta em neg\u00f3cios digitais.<\/p>\n<p style=\"text-align: justify\">Podem participar estudantes brasileiros de qualquer curso de gradua\u00e7\u00e3o de universidades parceiras do concurso. Para isso, \u00e9 necess\u00e1rio enviar um plano de neg\u00f3cios para o email\u00a0<a href=\"mailto:contato@umsolugar.com.br\">contato@umsolugar.com.br<\/a> de acordo com as especifica\u00e7\u00f5es\u00a0<a href=\"http:\/\/www.umsolugar.com.br\/concurso\" target=\"_blank\">no site do pr\u00eamio<\/a>.<\/p>\n<p style=\"text-align: justify\">* Com informa\u00e7\u00f5es da empresa<\/p>\n","protected":false},"excerpt":{"rendered":"<p><!--:pt-->Os estudantes brasileiros de gradua\u00e7\u00e3o interessados em participar do Concurso Cultural Fast Forward 2014 t\u00eam at\u00e9 o dia 31 de mar\u00e7o pr\u00f3ximo para enviar um plano de neg\u00f3cios.<!--:--><\/p>\n","protected":false},"author":8,"featured_media":8200,"comment_status":"open","ping_status":"open","sticky":false,"template":"","format":"standard","meta":{"footnotes":"","_links_to":"","_links_to_target":""},"categories":[3],"tags":[],"calendar":[],"_links":{"self":[{"href":"https:\/\/anprotec.org.br\/site\/wp-json\/wp\/v2\/posts\/9255"}],"collection":[{"href":"https:\/\/anprotec.org.br\/site\/wp-json\/wp\/v2\/posts"}],"about":[{"href":"https:\/\/anprotec.org.br\/site\/wp-json\/wp\/v2\/types\/post"}],"author":[{"embeddable":true,"href":"https:\/\/anprotec.org.br\/site\/wp-json\/wp\/v2\/users\/8"}],"replies":[{"embeddable":true,"href":"https:\/\/anprotec.org.br\/site\/wp-json\/wp\/v2\/comments?post=9255"}],"version-history":[{"count":3,"href":"https:\/\/anprotec.org.br\/site\/wp-json\/wp\/v2\/posts\/9255\/revisions"}],"predecessor-version":[{"id":9258,"href":"https:\/\/anprotec.org.br\/site\/wp-json\/wp\/v2\/posts\/9255\/revisions\/9258"}],"wp:featuredmedia":[{"embeddable":true,"href":"https:\/\/anprotec.org.br\/site\/wp-json\/wp\/v2\/media\/8200"}],"wp:attachment":[{"href":"https:\/\/anprotec.org.br\/site\/wp-json\/wp\/v2\/media?parent=9255"}],"wp:term":[{"taxonomy":"category","embeddable":true,"href":"https:\/\/anprotec.org.br\/site\/wp-json\/wp\/v2\/categories?post=9255"},{"taxonomy":"post_tag","embeddable":true,"href":"https:\/\/anprotec.org.br\/site\/wp-json\/wp\/v2\/tags?post=9255"},{"taxonomy":"calendar","embeddable":true,"href":"https:\/\/anprotec.org.br\/site\/wp-json\/wp\/v2\/calendar?post=9255"}],"curies":[{"name":"wp","href":"https:\/\/api.w.org\/{rel}","templated":true}]}}