{"id":9236,"date":"2015-01-14T09:36:36","date_gmt":"2015-01-14T12:36:36","guid":{"rendered":"http:\/\/anprotec.org.br\/site\/?p=9236"},"modified":"2015-01-14T14:48:44","modified_gmt":"2015-01-14T17:48:44","slug":"boeing-e-embraer-inauguram-centro-de-pesquisa","status":"publish","type":"post","link":"https:\/\/anprotec.org.br\/site\/2015\/01\/boeing-e-embraer-inauguram-centro-de-pesquisa\/","title":{"rendered":"Boeing e Embraer inauguram centro de pesquisa"},"content":{"rendered":"<p style=\"text-align: justify\"><img decoding=\"async\" loading=\"lazy\" class=\"alignleft size-thumbnail wp-image-4006\" alt=\"saojosedoscampos_f_011\" src=\"https:\/\/anprotec.org.br\/site\/wp-content\/uploads\/2013\/09\/saojosedoscampos_f_011-270x160.jpg\" width=\"270\" height=\"160\" \/>A fabricante norte-americana de aeronaves Boeing e a Embraer inauguraram nesta manh\u00e3 (14) o Centro Conjunto de Pesquisa em Biocombust\u00edveis Sustent\u00e1veis para a Avia\u00e7\u00e3o, instalado no Parque Tecnol\u00f3gico S\u00e3o Jos\u00e9 dos Campos (foto), interior de SP.<\/p>\n<p style=\"text-align: justify\">O Centro foi criado com o objetivo de contribuir para o desenvolvimento e amadurecimento do conhecimento e das tecnologias que possibilitem o estabelecimento da cadeia de biocombust\u00edveis de avia\u00e7\u00e3o no pa\u00eds.<\/p>\n<p style=\"text-align: justify\">O acordo entre as duas companhias foi firmado em maio de 2014 e prev\u00ea interc\u00e2mbio de conhecimentos e tecnologias inovadoras no campo da aplica\u00e7\u00e3o de combust\u00edveis novos, sem necessidade de transforma\u00e7\u00f5es na parte mec\u00e2nica das aeronaves.<\/p>\n<p style=\"text-align: justify\">*Com informa\u00e7\u00f5es do Parque Tecnol\u00f3gico S\u00e3o Jos\u00e9 dos Campos<\/p>\n","protected":false},"excerpt":{"rendered":"<p><!--:pt-->O Centro Conjunto de Pesquisa em Biocombust\u00edveis Sustent\u00e1veis para a Avia\u00e7\u00e3o, inaugurado nesta quarta-feira, 14,  est\u00e1 instalado no Parque Tecnol\u00f3gico S\u00e3o Jos\u00e9 dos Campos.<!--:--><\/p>\n","protected":false},"author":8,"featured_media":4006,"comment_status":"open","ping_status":"open","sticky":false,"template":"","format":"standard","meta":{"footnotes":"","_links_to":"","_links_to_target":""},"categories":[3],"tags":[],"calendar":[],"_links":{"self":[{"href":"https:\/\/anprotec.org.br\/site\/wp-json\/wp\/v2\/posts\/9236"}],"collection":[{"href":"https:\/\/anprotec.org.br\/site\/wp-json\/wp\/v2\/posts"}],"about":[{"href":"https:\/\/anprotec.org.br\/site\/wp-json\/wp\/v2\/types\/post"}],"author":[{"embeddable":true,"href":"https:\/\/anprotec.org.br\/site\/wp-json\/wp\/v2\/users\/8"}],"replies":[{"embeddable":true,"href":"https:\/\/anprotec.org.br\/site\/wp-json\/wp\/v2\/comments?post=9236"}],"version-history":[{"count":6,"href":"https:\/\/anprotec.org.br\/site\/wp-json\/wp\/v2\/posts\/9236\/revisions"}],"predecessor-version":[{"id":9239,"href":"https:\/\/anprotec.org.br\/site\/wp-json\/wp\/v2\/posts\/9236\/revisions\/9239"}],"wp:featuredmedia":[{"embeddable":true,"href":"https:\/\/anprotec.org.br\/site\/wp-json\/wp\/v2\/media\/4006"}],"wp:attachment":[{"href":"https:\/\/anprotec.org.br\/site\/wp-json\/wp\/v2\/media?parent=9236"}],"wp:term":[{"taxonomy":"category","embeddable":true,"href":"https:\/\/anprotec.org.br\/site\/wp-json\/wp\/v2\/categories?post=9236"},{"taxonomy":"post_tag","embeddable":true,"href":"https:\/\/anprotec.org.br\/site\/wp-json\/wp\/v2\/tags?post=9236"},{"taxonomy":"calendar","embeddable":true,"href":"https:\/\/anprotec.org.br\/site\/wp-json\/wp\/v2\/calendar?post=9236"}],"curies":[{"name":"wp","href":"https:\/\/api.w.org\/{rel}","templated":true}]}}