{"id":9162,"date":"2015-01-08T07:41:01","date_gmt":"2015-01-08T10:41:01","guid":{"rendered":"http:\/\/anprotec.org.br\/site\/?p=9162"},"modified":"2015-01-08T17:03:24","modified_gmt":"2015-01-08T20:03:24","slug":"anprotec-e-necessario-avancar-nas-politicas-publicas","status":"publish","type":"post","link":"https:\/\/anprotec.org.br\/site\/2015\/01\/anprotec-e-necessario-avancar-nas-politicas-publicas\/","title":{"rendered":"Anprotec: avan\u00e7os nas pol\u00edticas p\u00fablicas"},"content":{"rendered":"<p style=\"text-align: justify\"><img decoding=\"async\" loading=\"lazy\" class=\"alignleft size-thumbnail wp-image-9163\" alt=\"_END1495\" src=\"https:\/\/anprotec.org.br\/site\/wp-content\/uploads\/2015\/01\/END1495-270x160.jpg\" width=\"270\" height=\"160\" \/>Ao iniciar o ano de 2015, marcado pelo in\u00edcio do segundo mandato da presidente Dilma Rousseff, a presidente da Anprotec, Francilene Garcia, avalia o cen\u00e1rio de CT&amp;I \u00a0e a expectativa em torno da gest\u00e3o do\u00a0novo ministro de Ci\u00eancia, Tecnologia e Inova\u00e7\u00e3o, Aldo Rebelo.<\/p>\n<p style=\"text-align: justify\"><strong>Como a senhora avalia o cen\u00e1rio de CT&amp;I?<\/strong><\/p>\n<p style=\"text-align: justify\">Estamos iniciando um novo momento na condu\u00e7\u00e3o de rumos no pa\u00eds e nos Estados da Federa\u00e7\u00e3o, resultante do processo eleitoral de 2014, momento oportuno para avalia\u00e7\u00e3o de desafios e oportunidades. O ano de 2014, em especial para os que militam em prol do empreendedorismo inovador ou atuam como agentes da ci\u00eancia, tecnologia e inova\u00e7\u00e3o no pa\u00eds, foi marcado por \u00a0importantes eventos: 10 anos da Lei de Inova\u00e7\u00e3o; 30 anos de pol\u00edticas p\u00fablicas orientadas para Parques de Ci\u00eancia e Tecnologia (PCTs) e Incubadoras; a aprova\u00e7\u00e3o do novo c\u00f3digo de CT&amp;I. Ainda em 2014, a redu\u00e7\u00e3o da capacidade de investimento do FNDCT refor\u00e7a um cen\u00e1rio de incertezas no tocante aos avan\u00e7os desej\u00e1veis a um sistema nacional de CT&amp;I robusto e competitivo.<\/p>\n<p style=\"text-align: justify\"><strong>Nesse contexto, quais as perspectivas para 2015?<\/strong><\/p>\n<p style=\"text-align: justify\">Iniciamos 2015 com a cren\u00e7a renovada de que um dos caminhos para se construir a retomada do crescimento da economia em nosso pa\u00eds \u00e9 a amplia\u00e7\u00e3o e a melhoria na qualifica\u00e7\u00e3o dos incentivos a uma base produtiva mais inovadora e competitiva, mais bem articulada com os centros de P&amp;D e com sua for\u00e7a de trabalho oportunamente mais capacitada. Nesse cen\u00e1rio, continuamos a posicionar as plataformas de parques cient\u00edficos e tecnol\u00f3gicos e incubadoras de empresas, mecanismos maduros e presentes em todas as regi\u00f5es do pa\u00eds, como ambientes parceiros nessa caminhada de supera\u00e7\u00e3o e transforma\u00e7\u00e3o da economia de uma forma mais sustent\u00e1vel.<\/p>\n<p style=\"text-align: justify\"><strong>E em rela\u00e7\u00e3o ao novo ministro de CT&amp;I, qual a expectativa?<\/strong><\/p>\n<p style=\"text-align: justify\">A Anprotec e seus associados esperam que o tribuno Aldo Rebelo, novo ministro de CT&amp;I do Brasil, com sua sensibilidade e vasta experi\u00eancia na compreens\u00e3o dos problemas brasileiros, considere como cr\u00edtica e urgente a retomada nos avan\u00e7os de pol\u00edticas p\u00fablicas e\u00a0de fontes de investimentos para consolida\u00e7\u00e3o dessa base produtiva inovadora, tendo os parques e incubadoras como parceiros nas transforma\u00e7\u00f5es atuais e futuras do pa\u00eds.<\/p>\n","protected":false},"excerpt":{"rendered":"<p><!--:pt-->No in\u00edcio do segundo mandato presidencial de Dilma Rousseff, a presidente da Associa\u00e7\u00e3o, Francilene Garcia, fala sobre o cen\u00e1rio de CT&amp;I no Brasil e a expectativa em rela\u00e7\u00e3o ao novo ministro. <!--:--><\/p>\n","protected":false},"author":8,"featured_media":9163,"comment_status":"open","ping_status":"open","sticky":false,"template":"","format":"standard","meta":{"footnotes":"","_links_to":"","_links_to_target":""},"categories":[3],"tags":[],"calendar":[],"_links":{"self":[{"href":"https:\/\/anprotec.org.br\/site\/wp-json\/wp\/v2\/posts\/9162"}],"collection":[{"href":"https:\/\/anprotec.org.br\/site\/wp-json\/wp\/v2\/posts"}],"about":[{"href":"https:\/\/anprotec.org.br\/site\/wp-json\/wp\/v2\/types\/post"}],"author":[{"embeddable":true,"href":"https:\/\/anprotec.org.br\/site\/wp-json\/wp\/v2\/users\/8"}],"replies":[{"embeddable":true,"href":"https:\/\/anprotec.org.br\/site\/wp-json\/wp\/v2\/comments?post=9162"}],"version-history":[{"count":8,"href":"https:\/\/anprotec.org.br\/site\/wp-json\/wp\/v2\/posts\/9162\/revisions"}],"predecessor-version":[{"id":9195,"href":"https:\/\/anprotec.org.br\/site\/wp-json\/wp\/v2\/posts\/9162\/revisions\/9195"}],"wp:featuredmedia":[{"embeddable":true,"href":"https:\/\/anprotec.org.br\/site\/wp-json\/wp\/v2\/media\/9163"}],"wp:attachment":[{"href":"https:\/\/anprotec.org.br\/site\/wp-json\/wp\/v2\/media?parent=9162"}],"wp:term":[{"taxonomy":"category","embeddable":true,"href":"https:\/\/anprotec.org.br\/site\/wp-json\/wp\/v2\/categories?post=9162"},{"taxonomy":"post_tag","embeddable":true,"href":"https:\/\/anprotec.org.br\/site\/wp-json\/wp\/v2\/tags?post=9162"},{"taxonomy":"calendar","embeddable":true,"href":"https:\/\/anprotec.org.br\/site\/wp-json\/wp\/v2\/calendar?post=9162"}],"curies":[{"name":"wp","href":"https:\/\/api.w.org\/{rel}","templated":true}]}}