{"id":9134,"date":"2015-01-07T11:14:11","date_gmt":"2015-01-07T14:14:11","guid":{"rendered":"http:\/\/anprotec.org.br\/site\/?p=9134"},"modified":"2015-01-16T16:40:22","modified_gmt":"2015-01-16T19:40:22","slug":"supera-incubadora-inicia-2015-com-sete-novas-empresas","status":"publish","type":"post","link":"https:\/\/anprotec.org.br\/site\/2015\/01\/supera-incubadora-inicia-2015-com-sete-novas-empresas\/","title":{"rendered":"Supera inicia 2015 com sete novas empresas"},"content":{"rendered":"<p style=\"text-align: justify\"><img decoding=\"async\" loading=\"lazy\" class=\"alignleft size-full wp-image-3386\" alt=\"supera\" src=\"https:\/\/anprotec.org.br\/site\/wp-content\/uploads\/2013\/07\/supera.gif\" width=\"200\" height=\"97\" \/>Mais sete empresas passam a integrar a Supera Incubadora de Empresas de Base Tecnol\u00f3gica a partir de 2015. Elas participaram da segunda rodada do processo seletivo para empresas que desejam usufruir dos benef\u00edcios oferecidos pela Incubadora e instalar-se no Supera Parque de Inova\u00e7\u00e3o e Tecnologia, em Ribeir\u00e3o Preto.<\/p>\n<p style=\"text-align: justify\">Com as novas empresas, a Supera Incubadora passa a atender 32 empresas, entre pr\u00e9-incubadas, incubadas e associadas. \u201cAs empresas que passaram pelo processo seletivo tiveram capacita\u00e7\u00e3o em modelo de neg\u00f3cios e foram selecionadas por meio da avalia\u00e7\u00e3o de seus projetos por uma banca examinadora e pelo conselho da Supera\u201d, explica Saulo Rodrigues, gerente da Incubadora.<\/p>\n<p style=\"text-align: justify\">As empresas passam a contar com infraestrutura (salas individuais ou compartilhadas), servi\u00e7os b\u00e1sicos (luz, \u00e1gua, telefone); assessoria e consultoria para o desenvolvimento de seus neg\u00f3cios, capacita\u00e7\u00e3o t\u00e9cnica e acesso \u00e0 rede de contatos, al\u00e9m de facilidades para a participa\u00e7\u00e3o em eventos nacionais. Das sete novas selecionadas, cinco entrar\u00e3o no programa de pr\u00e9-incuba\u00e7\u00e3o.<\/p>\n<p style=\"text-align: justify\">*Com informa\u00e7\u00f5es da Supera Incubadora de Empresas de Base Tecnol\u00f3gica.<\/p>\n","protected":false},"excerpt":{"rendered":"<p><!--:pt-->Empresas selecionadas no edital passaram por processo de capacita\u00e7\u00e3o. Ao todo, 32 empreendimentos participam dos programas de pr\u00e9-incuba\u00e7\u00e3o, incuba\u00e7\u00e3o e associa\u00e7\u00e3o da Supera.<!--:--><\/p>\n","protected":false},"author":8,"featured_media":7054,"comment_status":"open","ping_status":"open","sticky":false,"template":"","format":"standard","meta":{"footnotes":"","_links_to":"","_links_to_target":""},"categories":[3],"tags":[],"calendar":[],"_links":{"self":[{"href":"https:\/\/anprotec.org.br\/site\/wp-json\/wp\/v2\/posts\/9134"}],"collection":[{"href":"https:\/\/anprotec.org.br\/site\/wp-json\/wp\/v2\/posts"}],"about":[{"href":"https:\/\/anprotec.org.br\/site\/wp-json\/wp\/v2\/types\/post"}],"author":[{"embeddable":true,"href":"https:\/\/anprotec.org.br\/site\/wp-json\/wp\/v2\/users\/8"}],"replies":[{"embeddable":true,"href":"https:\/\/anprotec.org.br\/site\/wp-json\/wp\/v2\/comments?post=9134"}],"version-history":[{"count":6,"href":"https:\/\/anprotec.org.br\/site\/wp-json\/wp\/v2\/posts\/9134\/revisions"}],"predecessor-version":[{"id":9136,"href":"https:\/\/anprotec.org.br\/site\/wp-json\/wp\/v2\/posts\/9134\/revisions\/9136"}],"wp:featuredmedia":[{"embeddable":true,"href":"https:\/\/anprotec.org.br\/site\/wp-json\/wp\/v2\/media\/7054"}],"wp:attachment":[{"href":"https:\/\/anprotec.org.br\/site\/wp-json\/wp\/v2\/media?parent=9134"}],"wp:term":[{"taxonomy":"category","embeddable":true,"href":"https:\/\/anprotec.org.br\/site\/wp-json\/wp\/v2\/categories?post=9134"},{"taxonomy":"post_tag","embeddable":true,"href":"https:\/\/anprotec.org.br\/site\/wp-json\/wp\/v2\/tags?post=9134"},{"taxonomy":"calendar","embeddable":true,"href":"https:\/\/anprotec.org.br\/site\/wp-json\/wp\/v2\/calendar?post=9134"}],"curies":[{"name":"wp","href":"https:\/\/api.w.org\/{rel}","templated":true}]}}