{"id":90,"date":"2012-08-05T16:35:02","date_gmt":"2012-08-05T19:35:02","guid":{"rendered":"http:\/\/douglasdasilva.com.br\/clients\/anprotec\/?p=90"},"modified":"2012-10-18T16:58:22","modified_gmt":"2012-10-18T19:58:22","slug":"inscricoes-para-premio-finep-de-inovacao-terminam-no-proximo-dia-16","status":"publish","type":"post","link":"https:\/\/anprotec.org.br\/site\/2012\/08\/inscricoes-para-premio-finep-de-inovacao-terminam-no-proximo-dia-16\/","title":{"rendered":"Inscri\u00e7\u00f5es para Pr\u00eamio Finep de Inova\u00e7\u00e3o terminam no pr\u00f3ximo dia 16"},"content":{"rendered":"<p style=\"text-align: justify;\">As inscri\u00e7\u00f5es para o <a href=\"http:\/\/premio.finep.gov.br\/\">Pr\u00eamio Finep de Inova\u00e7\u00e3o<\/a> encerram no dia 16 de agosto. Organiza\u00e7\u00f5es interessadas em concorrer devem se cadastrar no site <a href=\"http:\/\/premio.finep.gov.br\/\">www.premio.finep.gov.br<\/a>. Podem participar empresas; Institui\u00e7\u00f5es de Ci\u00eancia e Tecnologia p\u00fablicas ou privadas; OSCIPs e Organiza\u00e7\u00f5es N\u00e3o Governamentais (ONGs) com sede no pa\u00eds e que tenham a inova\u00e7\u00e3o como elemento relevante em suas estrat\u00e9gias de atua\u00e7\u00e3o; pessoas f\u00edsicas que tenham patentes concedidas pelo INPI e cujo objeto esteja sendo comercializado, al\u00e9m de empresas gestoras de fundos de investimento constitu\u00eddos h\u00e1, no m\u00ednimo, dois anos.<\/p>\n<p style=\"text-align: justify;\">Ao completar 15 anos, Pr\u00eamio Finep de Inova\u00e7\u00e3o traz uma s\u00e9rie de mudan\u00e7as. A principal delas \u00e9 que o pr\u00eamio ser\u00e1 em dinheiro: ser\u00e3o disponibilizados de R$ 100 mil a R$ 600 mil aos primeiros colocados regionais e nacionais de cada categoria. At\u00e9 o ano passado, a Finep concedia aos vencedores recursos n\u00e3o reembols\u00e1veis, cuja libera\u00e7\u00e3o ficava condicionada \u00e0 apresenta\u00e7\u00e3o de um projeto de ci\u00eancia, tecnologia e inova\u00e7\u00e3o.<\/p>\n<p style=\"text-align: justify;\">Outra novidade da edi\u00e7\u00e3o 2012 \u00e9 que o pr\u00eamio ganhou com duas novas categorias direcionadas a empresas: Tecnologia Assistiva e Inova\u00e7\u00e3o Sustent\u00e1vel. A primeira contempla produtos e processos que promovam a autonomia, independ\u00eancia, qualidade de vida e inclus\u00e3o social de pessoas com defici\u00eancia, incapacidades ou mobilidade reduzida. J\u00e1 a modalidade de Inova\u00e7\u00e3o Sustent\u00e1vel reconhecer\u00e1 iniciativas em que a sustentabilidade tenha sido integrada ao sistema de pesquisa, desenvolvimento e comercializa\u00e7\u00e3o, pelo vi\u00e9s financeiro, social e ambiental.<\/p>\n<p style=\"text-align: justify;\">As novas categorias se juntam \u00e0s sete j\u00e1 existentes: Micro e Pequena Empresa; M\u00e9dia Empresa; Grande Empresa; Institui\u00e7\u00e3o de Ci\u00eancia e Tecnologia; Tecnologia Social; Inventor Inovador e Inovar Fundos \u2013 que \u00e9 divida em tr\u00eas modalidades: Governan\u00e7a, Equipe e Opera\u00e7\u00e3o.<\/p>\n<p style=\"text-align: justify;\">O Pr\u00eamio FINEP \u00e9 um dos mais importantes instrumentos de est\u00edmulo e reconhecimento \u00e0 inova\u00e7\u00e3o no Pa\u00eds. Desde 1998, j\u00e1 premiou mais de 500 empresas, institui\u00e7\u00f5es e pessoas f\u00edsicas, sendo respons\u00e1vel pela proje\u00e7\u00e3o dos contemplados n\u00e3o apenas no Brasil como no exterior.<\/p>\n<p style=\"text-align: justify;\">No ano passado, o movimento de empreendedorismo inovador foi destaque, mais uma vez, no Pr\u00eamio. Os trof\u00e9us de Empresa Inovadora nas categorias M\u00e9dia e Micro e Pequena foram, respectivamente, para as empresas Scitech Produtos M\u00e9dicos, de Goi\u00e2nia (GO), que possui uma de suas unidades incubada no Centro de Inova\u00e7\u00e3o, Empreendedorismo e Tecnologia (Cietec), em S\u00e3o Paulo (SP), e Reason Tecnologia &#8211; criada no Centro Empresarial para Labora\u00e7\u00e3o de Tecnologias Avan\u00e7adas (Celta), de Florian\u00f3polis (SC).<\/p>\n<p>Saiba mais no <a href=\"http:\/\/premio.finep.gov.br\/\">site do Pr\u00eamio<\/a>.<\/p>\n","protected":false},"excerpt":{"rendered":"<p>As inscri\u00e7\u00f5es para o Pr\u00eamio Finep de Inova\u00e7\u00e3o encerram no dia 16 de agosto. Organiza\u00e7\u00f5es interessadas em concorrer devem se cadastrar no site http:\/\/premio.finep.gov.br\/. Podem participar empresas; Institui\u00e7\u00f5es de Ci\u00eancia e Tecnologia p\u00fablicas ou privadas; OSCIPs e Organiza\u00e7\u00f5es N\u00e3o Governamentais (ONGs) com sede no pa\u00eds e que tenham a inova\u00e7\u00e3o como elemento relevante em suas estrat\u00e9gias de atua\u00e7\u00e3o; pessoas f\u00edsicas que tenham patentes concedidas pelo INPI e cujo objeto esteja sendo comercializado, al\u00e9m de empresas gestoras de fundos de investimento constitu\u00eddos h\u00e1, no m\u00ednimo, dois anos.<\/p>\n","protected":false},"author":8,"featured_media":0,"comment_status":"open","ping_status":"open","sticky":false,"template":"","format":"standard","meta":{"footnotes":"","_links_to":"","_links_to_target":""},"categories":[3],"tags":[7],"calendar":[],"_links":{"self":[{"href":"https:\/\/anprotec.org.br\/site\/wp-json\/wp\/v2\/posts\/90"}],"collection":[{"href":"https:\/\/anprotec.org.br\/site\/wp-json\/wp\/v2\/posts"}],"about":[{"href":"https:\/\/anprotec.org.br\/site\/wp-json\/wp\/v2\/types\/post"}],"author":[{"embeddable":true,"href":"https:\/\/anprotec.org.br\/site\/wp-json\/wp\/v2\/users\/8"}],"replies":[{"embeddable":true,"href":"https:\/\/anprotec.org.br\/site\/wp-json\/wp\/v2\/comments?post=90"}],"version-history":[{"count":5,"href":"https:\/\/anprotec.org.br\/site\/wp-json\/wp\/v2\/posts\/90\/revisions"}],"predecessor-version":[{"id":114,"href":"https:\/\/anprotec.org.br\/site\/wp-json\/wp\/v2\/posts\/90\/revisions\/114"}],"wp:attachment":[{"href":"https:\/\/anprotec.org.br\/site\/wp-json\/wp\/v2\/media?parent=90"}],"wp:term":[{"taxonomy":"category","embeddable":true,"href":"https:\/\/anprotec.org.br\/site\/wp-json\/wp\/v2\/categories?post=90"},{"taxonomy":"post_tag","embeddable":true,"href":"https:\/\/anprotec.org.br\/site\/wp-json\/wp\/v2\/tags?post=90"},{"taxonomy":"calendar","embeddable":true,"href":"https:\/\/anprotec.org.br\/site\/wp-json\/wp\/v2\/calendar?post=90"}],"curies":[{"name":"wp","href":"https:\/\/api.w.org\/{rel}","templated":true}]}}