{"id":8946,"date":"2014-12-04T14:50:07","date_gmt":"2014-12-04T17:50:07","guid":{"rendered":"http:\/\/anprotec.org.br\/site\/?p=8946"},"modified":"2014-12-04T14:50:07","modified_gmt":"2014-12-04T17:50:07","slug":"anprotec-mcti-e-embaixada-britanica-abrem-seminario","status":"publish","type":"post","link":"https:\/\/anprotec.org.br\/site\/2014\/12\/anprotec-mcti-e-embaixada-britanica-abrem-seminario\/","title":{"rendered":"Anprotec, MCTI e Embaixada Brit\u00e2nica abrem Semin\u00e1rio"},"content":{"rendered":"<p style=\"text-align: justify\"><img decoding=\"async\" loading=\"lazy\" class=\"alignleft size-thumbnail wp-image-8947\" alt=\"_END1919\" src=\"https:\/\/anprotec.org.br\/site\/wp-content\/uploads\/2014\/12\/END1919-270x160.jpg\" width=\"270\" height=\"160\" \/>O semin\u00e1rio final do projeto \u201cParques e incubadoras para o desenvolvimento do Brasil\u201d foi lan\u00e7ado no fim do dia desta quarta-feira, dia 3. O projeto \u00e9 financiado pela Embaixada Brit\u00e2nica no Brasil e pelo Minist\u00e9rio de Ci\u00eancia, Tecnologia e Inova\u00e7\u00e3o brasileiro, com parceria da Anprotec e da Universidade Federal de Santa Catarina (UFSC).<\/p>\n<p style=\"text-align: justify\">A cerim\u00f4nia de abertura contou com a participa\u00e7\u00e3o do embaixador da Gr\u00e3 Bretanha no Brasil, Alex Ellis. Estiveram presentes tamb\u00e9m a presidente da Anprotec, Francilene Garcia, o secret\u00e1rio de desenvolvimento tecnol\u00f3gico e inova\u00e7\u00e3o, Armando Zeferino Milioni, e o coordenador-geral de servi\u00e7os tecnol\u00f3gicos, Jorge Mario Campagnolo, ambos do Minist\u00e9rio da Ci\u00eancia, Tecnologia e Inova\u00e7\u00e3o (MCTI), e o diretor executivo da Funda\u00e7\u00e3o Certi, Leandro Carioni.<\/p>\n<p style=\"text-align: justify\">Para o embaixador brit\u00e2nico, o desafio para os pa\u00edses nos dias de hoje \u00e9 a quest\u00e3o da produtividade. \u201cCada pa\u00eds do mundo tem as suas solu\u00e7\u00f5es, mas algo \u00e9 comum a todos que \u00e9 a necessidade de investimento na produ\u00e7\u00e3o de conhecimento e transform\u00e1-lo em algo pr\u00e1tico para aumentar a produtividade\u201d, afirmou. Ele disse que o trabalho desenvolvido em parceria \u00e9 algo muito gratificante e que tem o objetivo comum de transforma\u00e7\u00e3o social.<\/p>\n<p style=\"text-align: justify\">A presidente da Anprotec, Francilene Garcia, falou sobre a import\u00e2ncia do movimento do empreendedorismo inovador que completa 30 anos em 2014. Ela foi acompanhada pelos representantes do MCTI, Armando Milioni e Jorge Campagnolo, que enfatizaram a import\u00e2ncia de avaliar a efetividade de pol\u00edticas p\u00fablicas desenvolvidas nos \u00faltimos anos, como \u00e9 o caso do Programa Nacional de Apoio \u00e0s Incubadoras de Empresas e Parques Tecnol\u00f3gicos (PNI) \u2013 que foi um dos temas de an\u00e1lise do projeto.<\/p>\n<p style=\"text-align: justify\">Leandro Carioni, da Funda\u00e7\u00e3o Certi, apresentou ao p\u00fablico presente os objetivos e as etapas do projeto desenvolvido. Segundo ele, \u201cParques e incubadoras para o desenvolvimento do Brasil\u201d busca, principalmente, fornecer subs\u00eddios para a constru\u00e7\u00e3o de pol\u00edtica efetiva de apoio a parques, incubadoras e startups.<\/p>\n<p style=\"text-align: justify\"><b>Palestra magna<\/b><\/p>\n<p style=\"text-align: justify\"><img decoding=\"async\" loading=\"lazy\" class=\"alignleft size-thumbnail wp-image-8948\" alt=\"_END2107\" src=\"https:\/\/anprotec.org.br\/site\/wp-content\/uploads\/2014\/12\/END2107-270x160.jpg\" width=\"270\" height=\"160\" \/>Ap\u00f3s a fala das autoridades, a chefe de departamento de marketing da Universidade de Cambridge, Shirley M. Jamieson, apresentou a palestra magna \u201cO papel dos parques tecnol\u00f3gicos no desenvolvimento regional \u2013 O case do Reino Unido\u201d. Shirley foi fundadora do Centro de Empreendedorismo de Cambridge e possui vasta experi\u00eancia em start-ups, depois de ter trabalhado mais de 15 anos em recrutamento de executivos.<\/p>\n<p style=\"text-align: justify\">Ela contou como a cidade de Cambridge construiu 13 parques tecnol\u00f3gicos no entorno da universidade tornou-se um polo atrativo de capital empreendedor. Ao todo, os empreendimentos gerados por Cambridge j\u00e1 levantaram 1,25 bilh\u00e3o de Libras e 97,5% dessas novas empresas sobrevivem no mercado por, pelo menos, cinco anos.<\/p>\n<p style=\"text-align: justify\"><b>Semin\u00e1rio<\/b><\/p>\n<p style=\"text-align: justify\">As atividades do semin\u00e1rio come\u00e7aram \u00e0s 8h30 desta quinta-feira, 4, e foram at\u00e9 as 16h. Na parte da manh\u00e3, foram apresentados os resultados da an\u00e1lise de impacto do Programa Nacional de Apoio \u00e0s Incubadoras de Empresas e Parques Tecnol\u00f3gicos (PNI). Na sequ\u00eancia, foi apresentado um benchmarking de pol\u00edticas de inova\u00e7\u00e3o voltadas a parques e incubadoras em diversos pa\u00edses, identificando boas pr\u00e1ticas que podem balizar a proposi\u00e7\u00e3o de pol\u00edticas p\u00fablicas no Brasil.<\/p>\n<p style=\"text-align: justify\">Depois de terem acesso a todas as informa\u00e7\u00f5es do estudo, o p\u00fablico participou de duas oficinas para valida\u00e7\u00e3o de pol\u00edticas p\u00fablicas para parques tecnol\u00f3gicos e incubadoras de empresas no Brasil. A inten\u00e7\u00e3o desta etapa da atividade era que todos apresentassem contribui\u00e7\u00f5es e sugest\u00f5es para a melhoria das pol\u00edticas p\u00fablicas brasileiras. Com a realiza\u00e7\u00e3o do semin\u00e1rio final, a equipe do projeto ir\u00e1 consolidar um documento final, que ser\u00e1 entregue ao MCTI.<\/p>\n<p style=\"text-align: justify\">*Fotos: Wenderson Ara\u00fajo<\/p>\n","protected":false},"excerpt":{"rendered":"<p><!--:pt-->Atividade faz parte do projeto \u201cParques e incubadoras para o desenvolvimento do Brasil\u201d, financiado pelo governo brit\u00e2nico e pelo Minist\u00e9rio da Ci\u00eancia, Tecnologia e Inova\u00e7\u00e3o.<!--:--><\/p>\n","protected":false},"author":8,"featured_media":8947,"comment_status":"open","ping_status":"open","sticky":false,"template":"","format":"standard","meta":{"footnotes":"","_links_to":"","_links_to_target":""},"categories":[3],"tags":[],"calendar":[],"_links":{"self":[{"href":"https:\/\/anprotec.org.br\/site\/wp-json\/wp\/v2\/posts\/8946"}],"collection":[{"href":"https:\/\/anprotec.org.br\/site\/wp-json\/wp\/v2\/posts"}],"about":[{"href":"https:\/\/anprotec.org.br\/site\/wp-json\/wp\/v2\/types\/post"}],"author":[{"embeddable":true,"href":"https:\/\/anprotec.org.br\/site\/wp-json\/wp\/v2\/users\/8"}],"replies":[{"embeddable":true,"href":"https:\/\/anprotec.org.br\/site\/wp-json\/wp\/v2\/comments?post=8946"}],"version-history":[{"count":2,"href":"https:\/\/anprotec.org.br\/site\/wp-json\/wp\/v2\/posts\/8946\/revisions"}],"predecessor-version":[{"id":8950,"href":"https:\/\/anprotec.org.br\/site\/wp-json\/wp\/v2\/posts\/8946\/revisions\/8950"}],"wp:featuredmedia":[{"embeddable":true,"href":"https:\/\/anprotec.org.br\/site\/wp-json\/wp\/v2\/media\/8947"}],"wp:attachment":[{"href":"https:\/\/anprotec.org.br\/site\/wp-json\/wp\/v2\/media?parent=8946"}],"wp:term":[{"taxonomy":"category","embeddable":true,"href":"https:\/\/anprotec.org.br\/site\/wp-json\/wp\/v2\/categories?post=8946"},{"taxonomy":"post_tag","embeddable":true,"href":"https:\/\/anprotec.org.br\/site\/wp-json\/wp\/v2\/tags?post=8946"},{"taxonomy":"calendar","embeddable":true,"href":"https:\/\/anprotec.org.br\/site\/wp-json\/wp\/v2\/calendar?post=8946"}],"curies":[{"name":"wp","href":"https:\/\/api.w.org\/{rel}","templated":true}]}}