{"id":8945,"date":"2014-12-04T15:07:59","date_gmt":"2014-12-04T18:07:59","guid":{"rendered":"http:\/\/anprotec.org.br\/site\/?p=8945"},"modified":"2014-12-04T15:07:59","modified_gmt":"2014-12-04T18:07:59","slug":"bolsas-de-pos-doc-para-gestores-de-pcts","status":"publish","type":"post","link":"https:\/\/anprotec.org.br\/site\/2014\/12\/bolsas-de-pos-doc-para-gestores-de-pcts\/","title":{"rendered":"Bolsas de p\u00f3s-doc para gestores de PCT\u2019s"},"content":{"rendered":"<p style=\"text-align: justify\"><img decoding=\"async\" loading=\"lazy\" class=\"alignleft size-thumbnail wp-image-8951\" alt=\"_END1001 (300x200)\" src=\"https:\/\/anprotec.org.br\/site\/wp-content\/uploads\/2014\/12\/END1001-300x200-270x160.jpg\" width=\"270\" height=\"160\" \/>Ap\u00f3s a entrega do Pr\u00eamio Nacional de Empreendedorismo Inovador, o\u00a0assessor de planejamento e estudos da Coordena\u00e7\u00e3o de Aperfei\u00e7oamento de Pessoal de N\u00edvel Superior (Capes), Manoel Santana, anunciou a publica\u00e7\u00e3o de um <a href=\"http:\/\/www.capes.gov.br\/images\/stories\/download\/editais\/3122014-Edital-069-2014-PCTI-PARQUES-TECNOLOGICOS.pdf\" target=\"_blank\">edital de programa de est\u00e1gio p\u00f3s-doutoral para gestores de parques tecnol\u00f3gicos<\/a>, nas \u00e1reas e temas que comp\u00f5em o <a href=\"http:\/\/www.cienciasemfronteiras.gov.br\/web\/csf\/home\" target=\"_blank\">Programa Ci\u00eancia sem Fronteiras<\/a>, cobrindo os seguintes temas de Pesquisa\/Est\u00e1gio:<\/p>\n<p style=\"text-align: justify\"><span style=\"line-height: 1.5em\">a) Gest\u00e3o de ambientes de inova\u00e7\u00e3o, em especial Parques Cient\u00edficos e Tecnol\u00f3gicos;<\/span><\/p>\n<p style=\"text-align: justify\">b) Pesquisa e gera\u00e7\u00e3o de publica\u00e7\u00f5es sobre os temas relevantes nesta \u00e1rea, notadamente em rela\u00e7\u00e3o Universidade-E\u00a0mpresa-Governo, Modelo da Tripla H\u00e9lice, ecossistemas de inova\u00e7\u00e3o;<\/p>\n<p style=\"text-align: justify\">c) An\u00e1lise de modelos de desenvolvimento cient\u00edfico, tecnol\u00f3gico, econ\u00f4mico e social derivados de empreendimentos na \u00e1rea de ambientes de inova\u00e7\u00e3o, em especial Parques Cient\u00edficos e Tecnol\u00f3gicos-PCTs.<\/p>\n<p style=\"text-align: justify\">d) Pesquisa sobre modelos de gest\u00e3o e governan\u00e7a de ambientes de inova\u00e7\u00e3o, em especial PCTs.<\/p>\n<p style=\"text-align: justify\"><span style=\"line-height: 1.5em\">Publicado ontem, o <a href=\"http:\/\/www.capes.gov.br\/images\/stories\/download\/editais\/3122014-Edital-069-2014-PCTI-PARQUES-TECNOLOGICOS.pdf\" target=\"_blank\">edital <\/a>\u00e9 voltado \u00e0 inova\u00e7\u00e3o tecnol\u00f3gica na \u00e1rea de gest\u00e3o e desenvolvimento de ambientes de inova\u00e7\u00e3o (PCTI &#8211; Parques Cient\u00edficos e Tecnol\u00f3gicos e a \u00e1rea de Inova\u00e7\u00e3o) instalados no Pa\u00eds, com base na Estrat\u00e9gia Nacional de Ci\u00eancia, Tecnologia e Inova\u00e7\u00e3o (Plano Brasil Maior) e no contexto do PNI. O objetivo \u00e9 dar maior visibilidade internacional aos ambientes de inova\u00e7\u00e3o brasileiros, em especial os Parques Cient\u00edficos e Tecnol\u00f3gicos, e ampliar o potencial de desenvolvimento desses ambientes com o posterior retorno do bolsista.<\/span><\/p>\n<p style=\"text-align: justify\"><span style=\"line-height: 1.5em\">Ser\u00e3o concedidas bolsas individuais, no valor de US$ 2,100.00 (dois mil e cem d\u00f3lares) para bolsistas \u00a0que forem estagiar nos Estados Unidos; e de \u20ac 2.100,00 (dois mil e cem euros) mensais para os bolsistas que forem estagiar na Europa. A dura\u00e7\u00e3o da bolsa ser\u00e1 de 6 meses, renov\u00e1vel por igual per\u00edodo \u2013 em fun\u00e7\u00e3o do desempenho do bolsista, avaliado por relat\u00f3rio que dever\u00e1 ser enviado \u00e0 Capes. As inscri\u00e7\u00f5es devem ser feitas at\u00e9 \u00e0s 23 horas e 59 minutos (hor\u00e1rio de Bras\u00edlia) do dia 15 de mar\u00e7o de 2015.<\/span><\/p>\n<p style=\"text-align: justify\">Acesse o <a href=\"http:\/\/www.capes.gov.br\/images\/stories\/download\/editais\/3122014-Edital-069-2014-PCTI-PARQUES-TECNOLOGICOS.pdf\" target=\"_blank\">edital<\/a>.<\/p>\n<p style=\"text-align: justify\"><span style=\"line-height: 1.5em\">* Com informa\u00e7\u00f5es da Capes<br \/>\n*Na foto, Manoel Santana entrega o trofe\u00fa ao representante empresa Fit Networks, terceira colocada na categoria Melhor Empresa Incubada\/Cr\u00e9dito:\u00a0Wenderson Ara\u00fajo\/Trilux Fotografias<\/span><\/p>\n<p style=\"text-align: justify\"><span style=\"line-height: 1.5em\">\u00a0<\/span><\/p>\n","protected":false},"excerpt":{"rendered":"<p><!--:pt-->An\u00fancio foi feito pelo assessor de planejamento e estudos da Capes, Manoel Santana, durante o Caf\u00e9 da Manh\u00e3 Anprotec &amp; Parceiros. Inscri\u00e7\u00f5es est\u00e3o abertas at\u00e9 15 de mar\u00e7o de 2015. <!--:--><\/p>\n","protected":false},"author":8,"featured_media":8951,"comment_status":"open","ping_status":"open","sticky":false,"template":"","format":"standard","meta":{"footnotes":"","_links_to":"","_links_to_target":""},"categories":[3],"tags":[],"calendar":[],"_links":{"self":[{"href":"https:\/\/anprotec.org.br\/site\/wp-json\/wp\/v2\/posts\/8945"}],"collection":[{"href":"https:\/\/anprotec.org.br\/site\/wp-json\/wp\/v2\/posts"}],"about":[{"href":"https:\/\/anprotec.org.br\/site\/wp-json\/wp\/v2\/types\/post"}],"author":[{"embeddable":true,"href":"https:\/\/anprotec.org.br\/site\/wp-json\/wp\/v2\/users\/8"}],"replies":[{"embeddable":true,"href":"https:\/\/anprotec.org.br\/site\/wp-json\/wp\/v2\/comments?post=8945"}],"version-history":[{"count":2,"href":"https:\/\/anprotec.org.br\/site\/wp-json\/wp\/v2\/posts\/8945\/revisions"}],"predecessor-version":[{"id":8953,"href":"https:\/\/anprotec.org.br\/site\/wp-json\/wp\/v2\/posts\/8945\/revisions\/8953"}],"wp:featuredmedia":[{"embeddable":true,"href":"https:\/\/anprotec.org.br\/site\/wp-json\/wp\/v2\/media\/8951"}],"wp:attachment":[{"href":"https:\/\/anprotec.org.br\/site\/wp-json\/wp\/v2\/media?parent=8945"}],"wp:term":[{"taxonomy":"category","embeddable":true,"href":"https:\/\/anprotec.org.br\/site\/wp-json\/wp\/v2\/categories?post=8945"},{"taxonomy":"post_tag","embeddable":true,"href":"https:\/\/anprotec.org.br\/site\/wp-json\/wp\/v2\/tags?post=8945"},{"taxonomy":"calendar","embeddable":true,"href":"https:\/\/anprotec.org.br\/site\/wp-json\/wp\/v2\/calendar?post=8945"}],"curies":[{"name":"wp","href":"https:\/\/api.w.org\/{rel}","templated":true}]}}