{"id":8887,"date":"2014-12-01T13:19:14","date_gmt":"2014-12-01T16:19:14","guid":{"rendered":"http:\/\/anprotec.org.br\/site\/?p=8887"},"modified":"2014-12-01T13:22:26","modified_gmt":"2014-12-01T16:22:26","slug":"bermudez-e-eleito-presidente-do-conselho-do-sebrae-df","status":"publish","type":"post","link":"https:\/\/anprotec.org.br\/site\/2014\/12\/bermudez-e-eleito-presidente-do-conselho-do-sebrae-df\/","title":{"rendered":"Berm\u00fadez presidir\u00e1 o Conselho do Sebrae-DF"},"content":{"rendered":"<p style=\"text-align: justify\"><span style=\"line-height: 1.5em\"><img decoding=\"async\" loading=\"lazy\" class=\"alignleft size-thumbnail wp-image-8888\" alt=\"Bermudez\" src=\"https:\/\/anprotec.org.br\/site\/wp-content\/uploads\/2014\/12\/Bermudez-270x160.jpg\" width=\"270\" height=\"160\" \/>O ex-presidente da Anprotec, Lu\u00eds Afonso Berm\u00fadez, foi eleito no fim de novembro presidente do Conselho Deliberativo do Servi\u00e7o de Apoio \u00e0s Micro e Pequenas Empresas do Distrito Federal (Sebrae-DF) para o quadri\u00eanio 2015-2018.<\/span><\/p>\n<p style=\"text-align: justify\"><span style=\"line-height: 1.5em\">Berm\u00fadez \u00e9 o membro mais antigo do Conselho Deliberativo e representa a Universidade de Bras\u00edlia e, para ele, essa elei\u00e7\u00e3o \u00e9 um reconhecimento da ind\u00fastria do DF sobre a import\u00e2ncia da rela\u00e7\u00e3o do setor produtivo com a academia. \u201cTemos pela frente o desafio da universaliza\u00e7\u00e3o do Super Simples, passo importante dado pelo governo brasileiro este ano. O Sebrae vai precisar incorporar as novas carreiras do Simples em sua clientela\u201d, explicou Berm\u00fadez.<\/span><\/p>\n<p style=\"text-align: justify\"><span style=\"line-height: 1.5em\">Por sua condi\u00e7\u00e3o de \u00f3rg\u00e3o m\u00e1ximo do Sebrae no DF, o Conselho Deliberativo Estadual desempenha atribui\u00e7\u00f5es relevantes nos aspectos pol\u00edtico e de governan\u00e7a corporativa do Servi\u00e7o.<\/span><\/p>\n<p style=\"text-align: justify\"><span style=\"line-height: 1.5em\">Veja mais informa\u00e7\u00f5es sobre o Conselho do DF\u00a0<\/span><a style=\"line-height: 1.5em\" href=\"http:\/\/www.sebrae.com.br\/sites\/PortalSebrae\/ufs\/df\/quem_somos?codUf=7\" target=\"_blank\">aqui<\/a><span style=\"line-height: 1.5em\">.\u00a0<\/span><\/p>\n<p style=\"text-align: justify\">* Foto: Divulga\u00e7\u00e3o<\/p>\n","protected":false},"excerpt":{"rendered":"<p><!--:pt-->O ex-presidente da Anprotec representa a Universidade de Bras\u00edlia no Conselho Deliberativo e destaca a import\u00e2ncia da rela\u00e7\u00e3o da ind\u00fastria com a academia.<!--:--><\/p>\n","protected":false},"author":8,"featured_media":8888,"comment_status":"open","ping_status":"open","sticky":false,"template":"","format":"standard","meta":{"footnotes":"","_links_to":"","_links_to_target":""},"categories":[3],"tags":[],"calendar":[],"_links":{"self":[{"href":"https:\/\/anprotec.org.br\/site\/wp-json\/wp\/v2\/posts\/8887"}],"collection":[{"href":"https:\/\/anprotec.org.br\/site\/wp-json\/wp\/v2\/posts"}],"about":[{"href":"https:\/\/anprotec.org.br\/site\/wp-json\/wp\/v2\/types\/post"}],"author":[{"embeddable":true,"href":"https:\/\/anprotec.org.br\/site\/wp-json\/wp\/v2\/users\/8"}],"replies":[{"embeddable":true,"href":"https:\/\/anprotec.org.br\/site\/wp-json\/wp\/v2\/comments?post=8887"}],"version-history":[{"count":6,"href":"https:\/\/anprotec.org.br\/site\/wp-json\/wp\/v2\/posts\/8887\/revisions"}],"predecessor-version":[{"id":8894,"href":"https:\/\/anprotec.org.br\/site\/wp-json\/wp\/v2\/posts\/8887\/revisions\/8894"}],"wp:featuredmedia":[{"embeddable":true,"href":"https:\/\/anprotec.org.br\/site\/wp-json\/wp\/v2\/media\/8888"}],"wp:attachment":[{"href":"https:\/\/anprotec.org.br\/site\/wp-json\/wp\/v2\/media?parent=8887"}],"wp:term":[{"taxonomy":"category","embeddable":true,"href":"https:\/\/anprotec.org.br\/site\/wp-json\/wp\/v2\/categories?post=8887"},{"taxonomy":"post_tag","embeddable":true,"href":"https:\/\/anprotec.org.br\/site\/wp-json\/wp\/v2\/tags?post=8887"},{"taxonomy":"calendar","embeddable":true,"href":"https:\/\/anprotec.org.br\/site\/wp-json\/wp\/v2\/calendar?post=8887"}],"curies":[{"name":"wp","href":"https:\/\/api.w.org\/{rel}","templated":true}]}}