{"id":8869,"date":"2014-11-28T16:00:17","date_gmt":"2014-11-28T19:00:17","guid":{"rendered":"http:\/\/anprotec.org.br\/site\/?p=8869"},"modified":"2014-11-28T16:58:14","modified_gmt":"2014-11-28T19:58:14","slug":"empresa-do-incit-vence-o-mpe-brasil-estadual","status":"publish","type":"post","link":"https:\/\/anprotec.org.br\/site\/2014\/11\/empresa-do-incit-vence-o-mpe-brasil-estadual\/","title":{"rendered":"Empresa da INCIT vence o MPE Brasil estadual"},"content":{"rendered":"<p style=\"text-align: justify\"><img decoding=\"async\" loading=\"lazy\" class=\"alignleft size-thumbnail wp-image-8870\" alt=\"image002 (1)\" src=\"https:\/\/anprotec.org.br\/site\/wp-content\/uploads\/2014\/11\/image002-1-270x160.jpg\" width=\"270\" height=\"160\" \/>A Ventrix, empresa integrante do programa de incuba\u00e7\u00e3o da Incubadora de Empresas de Base Tecnol\u00f3gica de Itajub\u00e1 (<a href=\"http:\/\/www.incit.com.br\/incit\/home\" target=\"_blank\">INCIT<\/a>), foi a grande vencedora da categoria Servi\u00e7o de Sa\u00fade da estapa estadual do Pr\u00eamio de Competitividade para Micro e Pequenas Empresas \u2013 o MPE Brasil. Al\u00e9m de ser uma das oito selecionadas entre um total de mais de oito mil participantes, a empresa recebeu a homenagem de Destaque em Inova\u00e7\u00e3o. A cerim\u00f4nia de an\u00fancio dos ganhadores ocorreu em Belo Horizonte, em 27 de novembro.<\/p>\n<p style=\"text-align: justify\">Esse \u00e9 o segundo ano consecutivo, e o quarto no total, que uma incubada da INCIT conquista o pr\u00eamio. No ano passado, a Zertico garantiu a vit\u00f3ria na categoria Servi\u00e7os de Tecnologia da Informa\u00e7\u00e3o. Outras duas foram a B2ML Sistemas e a M\u00fatuos &#8211; Intelig\u00eancia em Compras. Al\u00e9m da Ventrix, esse ano Itajub\u00e1 tamb\u00e9m teve uma vencedora na categoria Servi\u00e7o de Educa\u00e7\u00e3o: a Synergy Language Solutions.<\/p>\n<p style=\"text-align: justify\">As empresas selecionadas ainda participar\u00e3o de uma etapa nacional, que ser\u00e1 realizada em Bras\u00edlia, em mar\u00e7o de 2015. O MPE Brasil, promovido pelo Servi\u00e7o de Apoio \u00e1s Micro e Pequenas Empresas (Sebrae), Movimento Brasil Competitivo (MBC), Gerdau e Funda\u00e7\u00e3o Nacional da Qualidade (FNQ), tem o objetivo de promover o aumento da qualidade, produtividade e competitividade das micro e pequenas empresas brasileiras, disseminando os conceitos e pr\u00e1ticas de gest\u00e3o, por meio de um processo de reconhecimento estadual e nacional.<\/p>\n<p style=\"text-align: justify\">O diretor de Tecnologia e Inova\u00e7\u00e3o da Ventrix, Roberto Castro J\u00fanior, agradeceu a toda equipe da empresa, a INCIT e a todos parceiros pelo \u201capoio e caminhada em conjunto at\u00e9 mais essa vit\u00f3ria\u201d. \u201cEstamos muito felizes com esse reconhecimento, que confirma que estamos no caminho certo. Desde a inscri\u00e7\u00e3o at\u00e9 a premia\u00e7\u00e3o houve uma avalia\u00e7\u00e3o rigorosa de documentos, question\u00e1rios e auditoria que analisam a gest\u00e3o empresarial e competitividade. Com certeza, esse \u00e9 um resultado de muito empenho, dedica\u00e7\u00e3o e trabalho em equipe\u201d, concluiu.<\/p>\n<p style=\"text-align: justify\">Para a gerente da INCIT, Geanete Dias Morais Batista, esse \u00e9 mais um resultado do sucesso da parceria entre a INCIT, as empresas incubadas e os parceiros e apoiadores, como o SEBRAE. \u201cFicamos extremamente satisfeitos pelo reconhecimento do trabalho e desenvolvimento das empresas, n\u00e3o somente nossas incubadas, mas do munic\u00edpio e regi\u00e3o. Ambas as ganhadoras de Itajub\u00e1, foram finalistas no ano passado. A vit\u00f3ria vem confirmar o crescimento e amadurecimento dos empreendimentos e do nosso polo industrial e empresarial\u201d, explicou.<\/p>\n<p style=\"text-align: justify\">*Com foto e informa\u00e7\u00f5es da INCIT<\/p>\n","protected":false},"excerpt":{"rendered":"<p><!--:pt--> A Ventrix venceu a etapa estadual do Pr\u00eamio de Competitividade para Micro e Pequenas Empresas na categoria Servi\u00e7o de Sa\u00fade. A etapa nacional ser\u00e1 realizada em mar\u00e7o de 2015, em Bras\u00edlia (DF).<!--:--><\/p>\n","protected":false},"author":8,"featured_media":8870,"comment_status":"open","ping_status":"open","sticky":false,"template":"","format":"standard","meta":{"footnotes":"","_links_to":"","_links_to_target":""},"categories":[3],"tags":[],"calendar":[],"_links":{"self":[{"href":"https:\/\/anprotec.org.br\/site\/wp-json\/wp\/v2\/posts\/8869"}],"collection":[{"href":"https:\/\/anprotec.org.br\/site\/wp-json\/wp\/v2\/posts"}],"about":[{"href":"https:\/\/anprotec.org.br\/site\/wp-json\/wp\/v2\/types\/post"}],"author":[{"embeddable":true,"href":"https:\/\/anprotec.org.br\/site\/wp-json\/wp\/v2\/users\/8"}],"replies":[{"embeddable":true,"href":"https:\/\/anprotec.org.br\/site\/wp-json\/wp\/v2\/comments?post=8869"}],"version-history":[{"count":6,"href":"https:\/\/anprotec.org.br\/site\/wp-json\/wp\/v2\/posts\/8869\/revisions"}],"predecessor-version":[{"id":8885,"href":"https:\/\/anprotec.org.br\/site\/wp-json\/wp\/v2\/posts\/8869\/revisions\/8885"}],"wp:featuredmedia":[{"embeddable":true,"href":"https:\/\/anprotec.org.br\/site\/wp-json\/wp\/v2\/media\/8870"}],"wp:attachment":[{"href":"https:\/\/anprotec.org.br\/site\/wp-json\/wp\/v2\/media?parent=8869"}],"wp:term":[{"taxonomy":"category","embeddable":true,"href":"https:\/\/anprotec.org.br\/site\/wp-json\/wp\/v2\/categories?post=8869"},{"taxonomy":"post_tag","embeddable":true,"href":"https:\/\/anprotec.org.br\/site\/wp-json\/wp\/v2\/tags?post=8869"},{"taxonomy":"calendar","embeddable":true,"href":"https:\/\/anprotec.org.br\/site\/wp-json\/wp\/v2\/calendar?post=8869"}],"curies":[{"name":"wp","href":"https:\/\/api.w.org\/{rel}","templated":true}]}}