{"id":882,"date":"2012-11-19T13:19:46","date_gmt":"2012-11-19T16:19:46","guid":{"rendered":"http:\/\/anprotec.org.br\/site\/?p=882"},"modified":"2012-11-19T16:46:39","modified_gmt":"2012-11-19T19:46:39","slug":"ultima-de-inscricoes-para-cursos-sobre-cerne","status":"publish","type":"post","link":"https:\/\/anprotec.org.br\/site\/2012\/11\/ultima-de-inscricoes-para-cursos-sobre-cerne\/","title":{"rendered":"\u00daltima semana de inscri\u00e7\u00f5es para capacita\u00e7\u00e3o"},"content":{"rendered":"<p style=\"text-align: justify;\"><a href=\"https:\/\/anprotec.org.br\/site\/2012\/10\/ultimos-dias-para-inscricoes-de-softwares-para-o-cerne\/infoe1-4\/\" rel=\"attachment wp-att-670\"><br \/>\n<\/a><img decoding=\"async\" loading=\"lazy\" class=\"alignleft size-full wp-image-670\" title=\"infoe1\" src=\"https:\/\/anprotec.org.br\/site\/wp-content\/uploads\/2012\/10\/infoe13.jpg\" alt=\"\" width=\"270\" height=\"160\" \/><\/p>\n<p style=\"text-align: justify;\">Est\u00e3o abertas at\u00e9 esta sexta-feira, dia 23, as inscri\u00e7\u00f5es para o Workshop de Nivelamento do Cerne e o Curso de Implanta\u00e7\u00e3o do Cerne 1, que ser\u00e3o promovidos pela Anprotec em Bras\u00edlia (DF), entre os pr\u00f3ximos dias 28 e 30 de novembro. Os interessados poder\u00e3o participar das duas capacita\u00e7\u00f5es ou optar por apenas uma.<\/p>\n<p style=\"text-align: justify;\">\u00a0<span style=\"text-align: justify;\">Com 8 horas-aula, o Workshop de Nivelamento ser\u00e1 realizado no dia 28 e ter\u00e1 como objetivo fixar conceitos e explicar a metodologia de implanta\u00e7\u00e3o dos n\u00edveis de maturidade Cerne, bem como os requisitos para obten\u00e7\u00e3o e manuten\u00e7\u00e3o do credenciamento. Entre os conte\u00fados a serem abordados, est\u00e3o o vocabul\u00e1rio relacionado ao modelo, os princ\u00edpios e a estrutura do Cerne, as pr\u00e1ticas e processos-chave, as etapas do credenciamento, a autoavalia\u00e7\u00e3o e as ferramentas dispon\u00edveis.<\/span><\/p>\n<p style=\"text-align: justify;\">No dia 29 ser\u00e1 iniciado o Curso de Implanta\u00e7\u00e3o do Cerne 1, focado em capacitar \u00a0participantes na concep\u00e7\u00e3o, implanta\u00e7\u00e3o e opera\u00e7\u00e3o de sistemas de incuba\u00e7\u00e3o, de forma a possibilitar a gera\u00e7\u00e3o sistem\u00e1tica de inova\u00e7\u00f5es. Dividido em quatro m\u00f3dulos, o Curso se estender\u00e1 at\u00e9 o dia 30 de novembro, abordando conte\u00fados que v\u00e3o desde a sele\u00e7\u00e3o de empreendimentos inovadores at\u00e9 a sustentabilidade das incubadoras.<\/p>\n<p style=\"text-align: justify;\">As inscri\u00e7\u00f5es est\u00e3o abertas at\u00e9 o pr\u00f3ximo dia 23 de novembro. Tanto o Workshop de Nivelamento quanto o Curso de Implanta\u00e7\u00e3o tem 50 vagas dispon\u00edveis. Ambos ser\u00e3o realizados no Hotel Comfort Su\u00edtes Bras\u00edlia, que fica no Setor Hoteleiro Norte, Quadra 4, Bloco D,\u00a0s\/n\u00ba &#8212; veja outras <a href=\"http:\/\/www.anprotec.org.br\/Relata\/Cerne\/Sugest\u00f5es%20de%20hospedagem_Cerne.pdf\">sugest\u00f5es de hospedagem<\/a> para o per\u00edodo.<\/p>\n<p style=\"text-align: justify;\">Confira informa\u00e7\u00f5es detalhadas sobre ementas, conte\u00fados, formul\u00e1rios e taxas de inscri\u00e7\u00e3o nos links a seguir:<\/p>\n<p><a href=\"https:\/\/anprotec.org.br\/site\/2012\/10\/workshop-de-nivelamento-cerne-2\/\">Workshop de Nivelamento Cerne<\/a><\/p>\n<p><a href=\"https:\/\/anprotec.org.br\/site\/2012\/10\/curso-de-implantacao-cerne-i-2\/\">Curso de Implanta\u00e7\u00e3o Cerne 1<\/a><\/p>\n<p>&nbsp;<\/p>\n<p>Veja tamb\u00e9m a\u00a0<a href=\"http:\/\/www.anprotec.org.br\/ecerne\/index3.html\">agenda de atividades do Cerne<\/a>\u00a0para os pr\u00f3ximos meses.<\/p>\n","protected":false},"excerpt":{"rendered":"<p>Workshop e Curso sobre modelo Cerne ser\u00e3o realizados pela Anprotec entre os dias 28 e 30 de novembro, em Bras\u00edlia (DF).<\/p>\n","protected":false},"author":8,"featured_media":670,"comment_status":"open","ping_status":"open","sticky":false,"template":"","format":"standard","meta":{"footnotes":"","_links_to":"","_links_to_target":""},"categories":[3],"tags":[],"calendar":[],"_links":{"self":[{"href":"https:\/\/anprotec.org.br\/site\/wp-json\/wp\/v2\/posts\/882"}],"collection":[{"href":"https:\/\/anprotec.org.br\/site\/wp-json\/wp\/v2\/posts"}],"about":[{"href":"https:\/\/anprotec.org.br\/site\/wp-json\/wp\/v2\/types\/post"}],"author":[{"embeddable":true,"href":"https:\/\/anprotec.org.br\/site\/wp-json\/wp\/v2\/users\/8"}],"replies":[{"embeddable":true,"href":"https:\/\/anprotec.org.br\/site\/wp-json\/wp\/v2\/comments?post=882"}],"version-history":[{"count":9,"href":"https:\/\/anprotec.org.br\/site\/wp-json\/wp\/v2\/posts\/882\/revisions"}],"predecessor-version":[{"id":888,"href":"https:\/\/anprotec.org.br\/site\/wp-json\/wp\/v2\/posts\/882\/revisions\/888"}],"wp:featuredmedia":[{"embeddable":true,"href":"https:\/\/anprotec.org.br\/site\/wp-json\/wp\/v2\/media\/670"}],"wp:attachment":[{"href":"https:\/\/anprotec.org.br\/site\/wp-json\/wp\/v2\/media?parent=882"}],"wp:term":[{"taxonomy":"category","embeddable":true,"href":"https:\/\/anprotec.org.br\/site\/wp-json\/wp\/v2\/categories?post=882"},{"taxonomy":"post_tag","embeddable":true,"href":"https:\/\/anprotec.org.br\/site\/wp-json\/wp\/v2\/tags?post=882"},{"taxonomy":"calendar","embeddable":true,"href":"https:\/\/anprotec.org.br\/site\/wp-json\/wp\/v2\/calendar?post=882"}],"curies":[{"name":"wp","href":"https:\/\/api.w.org\/{rel}","templated":true}]}}