{"id":8731,"date":"2014-11-19T15:52:31","date_gmt":"2014-11-19T18:52:31","guid":{"rendered":"http:\/\/anprotec.org.br\/site\/?p=8731"},"modified":"2014-11-19T15:56:40","modified_gmt":"2014-11-19T18:56:40","slug":"inatel-promove-semana-do-empreendedor-2","status":"publish","type":"post","link":"https:\/\/anprotec.org.br\/site\/2014\/11\/inatel-promove-semana-do-empreendedor-2\/","title":{"rendered":"Inatel promove a 10\u00aa semana do empreendedor"},"content":{"rendered":"<p style=\"text-align: justify\"><img decoding=\"async\" loading=\"lazy\" class=\"alignleft size-thumbnail wp-image-8740\" alt=\"inatel 10 semana_2\" src=\"https:\/\/anprotec.org.br\/site\/wp-content\/uploads\/2014\/11\/inatel-10-semana_2-270x160.jpg\" width=\"270\" height=\"160\" \/>O Inatel est\u00e1 promovendo, ao longo desta semana, uma s\u00e9rie de atividades dentro da tradicional Semana\u00a0do Empreendedor, realizada pelo Instituto desde 2004. Este ano, em especial, o evento ocorre na mesma data da Semana Global de Empreendedorismo, que acontece em mais de 130 pa\u00edses. Toda a programa\u00e7\u00e3o \u00e9 gratuita e com a\u00e7\u00f5es voltadas para estudantes, empres\u00e1rios e a comunidade de Santa Rita do Sapuca\u00ed (MG) e regi\u00e3o.<\/p>\n<p style=\"text-align: justify\">O coordenador do N\u00facleo de Empreendedorismo do Inatel, Rog\u00e9rio Abranches da Silva, explica que a Semana tem por objetivo disseminar a cultura empreendedora para ser aplicada em v\u00e1rias a\u00e7\u00f5es. \u201cN\u00e3o estamos falando apenas para quem quer ter ou j\u00e1 tem um neg\u00f3cio pr\u00f3prio. Estamos falando de empreender a vida profissional e pessoal, de despertar e ter coragem para a realiza\u00e7\u00e3o de sonhos\u201d.<\/p>\n<p style=\"text-align: justify\">Para o p\u00fablico em geral ser\u00e3o seis palestras gratuitas com pessoas de destaque no meio de empreendedorismo. A abertura da Semana, realizada no dia 18, contou com a presen\u00e7a da diretora de filmes premiados como o \u201cQuem se importa\u201d, Mara Mour\u00e3o, que retrata a hist\u00f3ria de empreendedores sociais.<\/p>\n<p style=\"text-align: justify\">Na quarta-feira, dia 19, ser\u00e3o duas palestras abertas ao p\u00fablico; \u00e0s 14h, com o tema Empreendedorismo como estilo de vida, com o consultor Luiz Gomes; e \u00e0s 19h30, sobre a Tecnologia aliada \u00e0 produ\u00e7\u00e3o de eventos, como promotor comercial do Showrrasco.<\/p>\n<p style=\"text-align: justify\">Na quinta-feira, dia 20, tr\u00eas empreendedores de Santa Rita do Sapuca\u00ed v\u00e3o falar sobre a gera\u00e7\u00e3o de jovens empres\u00e1rios e suas startups de sucesso, a partir das 14h. \u00c0 noite, ser\u00e1 a vez do consultor Bruno Nunes fazer a palestra \u201cDespertando seu potencial\u201d, a partir das 19h30.<\/p>\n<p style=\"text-align: justify\">A palestra de encerramento ser\u00e1 na sexta-feira, dia 21, \u201cO Empreendedorismo como agente de mudan\u00e7as\u201d, com a ex-aluna do Inatel Poliana Lanari.<\/p>\n<p style=\"text-align: justify\">*Com informa\u00e7\u00f5es do Inatel<\/p>\n","protected":false},"excerpt":{"rendered":"<p><!--:pt-->Instituto de Santa Rita do Sapuca\u00ed (MG) oferece ao longo desta semana seis palestras gratuitas sobre empreendedorismo. Confira as atividades que v\u00e3o at\u00e9 sexta-feira.<!--:--><\/p>\n","protected":false},"author":8,"featured_media":8740,"comment_status":"open","ping_status":"open","sticky":false,"template":"","format":"standard","meta":{"footnotes":"","_links_to":"","_links_to_target":""},"categories":[3],"tags":[],"calendar":[],"_links":{"self":[{"href":"https:\/\/anprotec.org.br\/site\/wp-json\/wp\/v2\/posts\/8731"}],"collection":[{"href":"https:\/\/anprotec.org.br\/site\/wp-json\/wp\/v2\/posts"}],"about":[{"href":"https:\/\/anprotec.org.br\/site\/wp-json\/wp\/v2\/types\/post"}],"author":[{"embeddable":true,"href":"https:\/\/anprotec.org.br\/site\/wp-json\/wp\/v2\/users\/8"}],"replies":[{"embeddable":true,"href":"https:\/\/anprotec.org.br\/site\/wp-json\/wp\/v2\/comments?post=8731"}],"version-history":[{"count":5,"href":"https:\/\/anprotec.org.br\/site\/wp-json\/wp\/v2\/posts\/8731\/revisions"}],"predecessor-version":[{"id":8737,"href":"https:\/\/anprotec.org.br\/site\/wp-json\/wp\/v2\/posts\/8731\/revisions\/8737"}],"wp:featuredmedia":[{"embeddable":true,"href":"https:\/\/anprotec.org.br\/site\/wp-json\/wp\/v2\/media\/8740"}],"wp:attachment":[{"href":"https:\/\/anprotec.org.br\/site\/wp-json\/wp\/v2\/media?parent=8731"}],"wp:term":[{"taxonomy":"category","embeddable":true,"href":"https:\/\/anprotec.org.br\/site\/wp-json\/wp\/v2\/categories?post=8731"},{"taxonomy":"post_tag","embeddable":true,"href":"https:\/\/anprotec.org.br\/site\/wp-json\/wp\/v2\/tags?post=8731"},{"taxonomy":"calendar","embeddable":true,"href":"https:\/\/anprotec.org.br\/site\/wp-json\/wp\/v2\/calendar?post=8731"}],"curies":[{"name":"wp","href":"https:\/\/api.w.org\/{rel}","templated":true}]}}