{"id":8659,"date":"2014-11-14T10:04:28","date_gmt":"2014-11-14T13:04:28","guid":{"rendered":"http:\/\/anprotec.org.br\/site\/?p=8659"},"modified":"2014-11-20T14:08:48","modified_gmt":"2014-11-20T17:08:48","slug":"convocados-para-fase-3-do-edital-de-auditores-cerne","status":"publish","type":"post","link":"https:\/\/anprotec.org.br\/site\/2014\/11\/convocados-para-fase-3-do-edital-de-auditores-cerne\/","title":{"rendered":"<!--:pt-->Convocados para Fase 3 do edital de auditores Cerne <!--:-->"},"content":{"rendered":"<p><!--:pt--><\/p>\n<p style=\"text-align: justify\"><span style=\"line-height: 1.5em\"><img decoding=\"async\" loading=\"lazy\" class=\"alignleft size-full wp-image-8724\" alt=\"logo_cerne\" src=\"https:\/\/anprotec.org.br\/site\/wp-content\/uploads\/2014\/11\/logo_cerne.jpg\" width=\"270\" height=\"160\" \/>Foi divulgada a <\/span><a style=\"line-height: 1.5em\" href=\"http:\/\/www.anprotec.org.br\/Relata\/Cerne\/Rela\u00e7\u00e3o_de_Convocados_Fase_3_I_Edital_Credenciamento_Auditores.pdf\" target=\"_blank\">lista\u00a0<\/a><span style=\"line-height: 1.5em\">de empresas e profissionais convocados para participar da Fase 3 &#8211; Capacita\u00e7\u00e3o e Avalia\u00e7\u00e3o dos Profissionais, referente ao I Edital de Credenciamento de Auditores (Cerne). \u00a0Essa etapa do processo seletivo\u00a0ocorrer\u00e1 de 17 a 19 de novembro de 2014, em Bras\u00edlia (DF), das 9h \u00e0s 18h.<\/span><\/p>\n<p>Para mais informa\u00e7\u00f5es, acesse a <a href=\"http:\/\/www.anprotec.org.br\/Relata\/Relacao_de_Convocados_Fase_3_I_Edital_Credenciamento_Auditores.pdf\" target=\"_blank\">convoca\u00e7\u00e3o <\/a>e \u00a0c<span style=\"text-align: justify;line-height: 1.5em\">onsulte o <a href=\"http:\/\/www.anprotec.org.br\/Relata\/EditalCredenciamentoAuditoresCerne2.pdf\" target=\"_blank\">edital<\/a>.<\/span><\/p>\n<p style=\"text-align: justify\"><strong>Processo de credenciamento<\/strong><\/p>\n<p style=\"text-align: justify\"><span style=\"line-height: 1.5em\">Ao fim de todo o processo seletivo, os aprovados far\u00e3o parte do Cadastro de Auditores Credenciados Cerne, a ser administrado pelo Instituto Christiano Becker (entidade certificadora definida pela Anprotec) e poder\u00e3o ser chamados para prestar servi\u00e7os quando houver demanda de avalia\u00e7\u00e3o de conformidade Cerne em incubadoras de empresas localizadas no Brasil.<\/span><\/p>\n<p style=\"text-align: justify\"><span style=\"line-height: 1.5em\">Toda a documenta\u00e7\u00e3o entregue no ato da inscri\u00e7\u00e3o, incluindo curr\u00edculo e atestado de capacidade t\u00e9cnica, foi avaliada por uma equipe t\u00e9cnica definida pela Anprotec, que selecionou os profissionais para participar da capacita\u00e7\u00e3o, com dura\u00e7\u00e3o de 24h\/aula. Ao fim do treinamento, ser\u00e1 realizada uma prova de conhecimento te\u00f3rico. As empresas habilitadas e os profissionais aprovados na prova far\u00e3o parte da lista de auditores credenciados Cerne, que ser\u00e1 divulgada no site da Anprotec.<\/span><\/p>\n<p style=\"text-align: justify\">\n<p>&nbsp;<\/p>\n","protected":false},"excerpt":{"rendered":"<p><!--:pt-->Veja quem s\u00e3o os selecionados para participar da Fase 3 (Capacita\u00e7\u00e3o e Avalia\u00e7\u00e3o dos Profissionais), referente ao I Edital de Credenciamento de Auditores do modelo Cerne. <!--:--><\/p>\n","protected":false},"author":8,"featured_media":8724,"comment_status":"open","ping_status":"open","sticky":false,"template":"","format":"standard","meta":{"footnotes":"","_links_to":"","_links_to_target":""},"categories":[3],"tags":[],"calendar":[],"_links":{"self":[{"href":"https:\/\/anprotec.org.br\/site\/wp-json\/wp\/v2\/posts\/8659"}],"collection":[{"href":"https:\/\/anprotec.org.br\/site\/wp-json\/wp\/v2\/posts"}],"about":[{"href":"https:\/\/anprotec.org.br\/site\/wp-json\/wp\/v2\/types\/post"}],"author":[{"embeddable":true,"href":"https:\/\/anprotec.org.br\/site\/wp-json\/wp\/v2\/users\/8"}],"replies":[{"embeddable":true,"href":"https:\/\/anprotec.org.br\/site\/wp-json\/wp\/v2\/comments?post=8659"}],"version-history":[{"count":5,"href":"https:\/\/anprotec.org.br\/site\/wp-json\/wp\/v2\/posts\/8659\/revisions"}],"predecessor-version":[{"id":8661,"href":"https:\/\/anprotec.org.br\/site\/wp-json\/wp\/v2\/posts\/8659\/revisions\/8661"}],"wp:featuredmedia":[{"embeddable":true,"href":"https:\/\/anprotec.org.br\/site\/wp-json\/wp\/v2\/media\/8724"}],"wp:attachment":[{"href":"https:\/\/anprotec.org.br\/site\/wp-json\/wp\/v2\/media?parent=8659"}],"wp:term":[{"taxonomy":"category","embeddable":true,"href":"https:\/\/anprotec.org.br\/site\/wp-json\/wp\/v2\/categories?post=8659"},{"taxonomy":"post_tag","embeddable":true,"href":"https:\/\/anprotec.org.br\/site\/wp-json\/wp\/v2\/tags?post=8659"},{"taxonomy":"calendar","embeddable":true,"href":"https:\/\/anprotec.org.br\/site\/wp-json\/wp\/v2\/calendar?post=8659"}],"curies":[{"name":"wp","href":"https:\/\/api.w.org\/{rel}","templated":true}]}}