{"id":8650,"date":"2014-11-14T08:56:25","date_gmt":"2014-11-14T11:56:25","guid":{"rendered":"http:\/\/anprotec.org.br\/site\/?p=8650"},"modified":"2014-11-12T18:57:54","modified_gmt":"2014-11-12T21:57:54","slug":"iacoc-esta-com-edital-aberto","status":"publish","type":"post","link":"https:\/\/anprotec.org.br\/site\/2014\/11\/iacoc-esta-com-edital-aberto\/","title":{"rendered":"Iacoc est\u00e1 com edital aberto para incuba\u00e7\u00e3o \u00e0 dist\u00e2ncia"},"content":{"rendered":"<p style=\"text-align: justify\"><img decoding=\"async\" loading=\"lazy\" class=\"alignleft size-thumbnail wp-image-8651\" alt=\"plantacao\" src=\"https:\/\/anprotec.org.br\/site\/wp-content\/uploads\/2014\/11\/plantacao-270x160.jpg\" width=\"270\" height=\"160\" \/>A Incubadora de Agroneg\u00f3cios das Cooperativas, Organiza\u00e7\u00f5es Comunit\u00e1rias, Associa\u00e7\u00f5es e Assentamentos Rurais do Semi\u00e1rido da Para\u00edba \u2013 IACOC, de responsabilidade do Programa de Estudos e A\u00e7\u00f5es para o Semi\u00e1rido &#8211; PEASA,do Centro de Ci\u00eancias e Tecnologia Agroalimentar &#8211; CCTA da Universidade Federal de Campina Grande &#8211; UFCG e da Funda\u00e7\u00e3o Parque Tecnol\u00f3gico da Para\u00edba \u2013 PaqTcPB, torna p\u00fablica a abertura do processo seletivo para sele\u00e7\u00e3o e admiss\u00e3o de empreendimentos em seu sistema de incuba\u00e7\u00e3o \u00e0 dist\u00e2ncia. O per\u00edodo de inscri\u00e7\u00e3o ser\u00e1 do dia 05 a 21 de novembro de 2014.<\/p>\n<p style=\"text-align: justify\">\n<p style=\"text-align: justify\">O p\u00fablico-alvo s\u00e3o empreendimentos do agroneg\u00f3cio, domiciliados no Semi\u00e1rido Paraibano. Mais informa\u00e7\u00f5es pelo telefone 83 &#8211; 2101 1591 ou atrav\u00e9s do e-mail:\u00a0<a href=\"mailto:iacoc@paqtc.org.br\" target=\"_blank\">iacoc@paqtc.org.br<\/a>. O Edital est\u00e1 dispon\u00edvel no site da Funda\u00e7\u00e3o PaqTcPB.\u00a0<a href=\"http:\/\/paqtc.org.br\/portal_novo\/upload_documento\/5651661415706965482.pdf\" target=\"_blank\">Clique aqui!<\/a><\/p>\n<p style=\"text-align: justify\">* Com informa\u00e7\u00f5es da Funda\u00e7\u00e3o\u00a0PaqTcPB * Foto: Shutterstock<\/p>\n<p><b><span style=\"font-size: 11.0pt;line-height: 107%;font-family: 'Calibri',sans-serif;color: black\">IACOC est\u00e1 com Edital aberto<\/span><\/b><\/p>\n","protected":false},"excerpt":{"rendered":"<p><!--:pt-->Inscri\u00e7\u00f5es para o processo seletivo da Incubadora de Agroneg\u00f3cios, ligada \u00e0 Universidade Federal de Campina Grande (UFCG) e \u00e0 Funda\u00e7\u00e3o PaqTcPB, podem ser feitas at\u00e9 dia 21\/11. <!--:--><\/p>\n","protected":false},"author":8,"featured_media":8651,"comment_status":"open","ping_status":"open","sticky":false,"template":"","format":"standard","meta":{"footnotes":"","_links_to":"","_links_to_target":""},"categories":[3],"tags":[],"calendar":[],"_links":{"self":[{"href":"https:\/\/anprotec.org.br\/site\/wp-json\/wp\/v2\/posts\/8650"}],"collection":[{"href":"https:\/\/anprotec.org.br\/site\/wp-json\/wp\/v2\/posts"}],"about":[{"href":"https:\/\/anprotec.org.br\/site\/wp-json\/wp\/v2\/types\/post"}],"author":[{"embeddable":true,"href":"https:\/\/anprotec.org.br\/site\/wp-json\/wp\/v2\/users\/8"}],"replies":[{"embeddable":true,"href":"https:\/\/anprotec.org.br\/site\/wp-json\/wp\/v2\/comments?post=8650"}],"version-history":[{"count":3,"href":"https:\/\/anprotec.org.br\/site\/wp-json\/wp\/v2\/posts\/8650\/revisions"}],"predecessor-version":[{"id":8654,"href":"https:\/\/anprotec.org.br\/site\/wp-json\/wp\/v2\/posts\/8650\/revisions\/8654"}],"wp:featuredmedia":[{"embeddable":true,"href":"https:\/\/anprotec.org.br\/site\/wp-json\/wp\/v2\/media\/8651"}],"wp:attachment":[{"href":"https:\/\/anprotec.org.br\/site\/wp-json\/wp\/v2\/media?parent=8650"}],"wp:term":[{"taxonomy":"category","embeddable":true,"href":"https:\/\/anprotec.org.br\/site\/wp-json\/wp\/v2\/categories?post=8650"},{"taxonomy":"post_tag","embeddable":true,"href":"https:\/\/anprotec.org.br\/site\/wp-json\/wp\/v2\/tags?post=8650"},{"taxonomy":"calendar","embeddable":true,"href":"https:\/\/anprotec.org.br\/site\/wp-json\/wp\/v2\/calendar?post=8650"}],"curies":[{"name":"wp","href":"https:\/\/api.w.org\/{rel}","templated":true}]}}