{"id":8643,"date":"2014-11-14T08:27:58","date_gmt":"2014-11-14T11:27:58","guid":{"rendered":"http:\/\/anprotec.org.br\/site\/?p=8643"},"modified":"2014-11-12T18:29:42","modified_gmt":"2014-11-12T21:29:42","slug":"8643","status":"publish","type":"post","link":"https:\/\/anprotec.org.br\/site\/2014\/11\/8643\/","title":{"rendered":"Acate busca coopera\u00e7\u00e3o no Vale do Sil\u00edcio"},"content":{"rendered":"<p style=\"text-align: justify\"><img decoding=\"async\" loading=\"lazy\" class=\"alignleft size-thumbnail wp-image-8644\" alt=\"ValeSilico\" src=\"https:\/\/anprotec.org.br\/site\/wp-content\/uploads\/2014\/11\/ValeSilico-270x160.jpg\" width=\"270\" height=\"160\" \/>Empres\u00e1rio e executivos do setor de tecnologia catarinense embarcam nesta sexta-feira (14) para uma miss\u00e3o no Vale do Sil\u00edcio, promovida pela Associa\u00e7\u00e3o Catarinense de Empresas de Tecnologia (ACATE) e pela Softex Recife. O secret\u00e1rio executivo e o diretor de Mercado da Associa\u00e7\u00e3o, Gabriel Sant&#8217;Ana Palma Santos e Daniel Leipnitz, respectivamente, integram a iniciativa, que tem como principal objetivo buscar parcerias e firmar conv\u00eanios de coopera\u00e7\u00e3o e interc\u00e2mbio nas \u00e1reas de tecnologia, inova\u00e7\u00e3o e empreendedorismo.<\/p>\n<p style=\"text-align: justify\"><span style=\"line-height: 1.5em\">Do dia 14 ao dia 23 de novembro, as empresas VEC, Softcon, Khomp, Callisto, Palmsoft, Ionics e BZPLAN realizar\u00e3o uma s\u00e9rie de visitas t\u00e9cnicas em organiza\u00e7\u00f5es, como CISCO, Apple, Nextflix, Google, Standford Research Institute, al\u00e9m de entidades e universidades que s\u00e3o refer\u00eancias mundiais no segmento. A miss\u00e3o, que tem apoio da Softex, tamb\u00e9m prev\u00ea a participa\u00e7\u00e3o no <\/span><a style=\"line-height: 1.5em\" href=\"http:\/\/www.demo.com\/ehome\/index.php?eventid=29414&amp;\" target=\"_blank\">DEMO Fall<\/a><span style=\"line-height: 1.5em\">, voltado ao lan\u00e7amento de inova\u00e7\u00e3o tecnol\u00f3gica e que ser\u00e1 realizado de 18 a 20 de novembro.<\/span><\/p>\n<p style=\"text-align: justify\"><span style=\"line-height: 1.5em\">* Com informa\u00e7\u00f5es da Acate<br \/>\n* Foto: Shutterstock\u00a0<\/span><\/p>\n","protected":false},"excerpt":{"rendered":"<p><!--:pt-->At\u00e9 o dia 23 de novembro, empres\u00e1rios do setor de tecnologia far\u00e3o visitas t\u00e9cnicas e participar\u00e3o do DEMO Fall, em miss\u00e3o promovida pela associa\u00e7\u00e3o catarinense e pela Softex Recife. <!--:--><\/p>\n","protected":false},"author":8,"featured_media":8644,"comment_status":"open","ping_status":"open","sticky":false,"template":"","format":"standard","meta":{"footnotes":"","_links_to":"","_links_to_target":""},"categories":[3],"tags":[],"calendar":[],"_links":{"self":[{"href":"https:\/\/anprotec.org.br\/site\/wp-json\/wp\/v2\/posts\/8643"}],"collection":[{"href":"https:\/\/anprotec.org.br\/site\/wp-json\/wp\/v2\/posts"}],"about":[{"href":"https:\/\/anprotec.org.br\/site\/wp-json\/wp\/v2\/types\/post"}],"author":[{"embeddable":true,"href":"https:\/\/anprotec.org.br\/site\/wp-json\/wp\/v2\/users\/8"}],"replies":[{"embeddable":true,"href":"https:\/\/anprotec.org.br\/site\/wp-json\/wp\/v2\/comments?post=8643"}],"version-history":[{"count":5,"href":"https:\/\/anprotec.org.br\/site\/wp-json\/wp\/v2\/posts\/8643\/revisions"}],"predecessor-version":[{"id":8649,"href":"https:\/\/anprotec.org.br\/site\/wp-json\/wp\/v2\/posts\/8643\/revisions\/8649"}],"wp:featuredmedia":[{"embeddable":true,"href":"https:\/\/anprotec.org.br\/site\/wp-json\/wp\/v2\/media\/8644"}],"wp:attachment":[{"href":"https:\/\/anprotec.org.br\/site\/wp-json\/wp\/v2\/media?parent=8643"}],"wp:term":[{"taxonomy":"category","embeddable":true,"href":"https:\/\/anprotec.org.br\/site\/wp-json\/wp\/v2\/categories?post=8643"},{"taxonomy":"post_tag","embeddable":true,"href":"https:\/\/anprotec.org.br\/site\/wp-json\/wp\/v2\/tags?post=8643"},{"taxonomy":"calendar","embeddable":true,"href":"https:\/\/anprotec.org.br\/site\/wp-json\/wp\/v2\/calendar?post=8643"}],"curies":[{"name":"wp","href":"https:\/\/api.w.org\/{rel}","templated":true}]}}