{"id":8631,"date":"2014-11-13T08:40:09","date_gmt":"2014-11-13T11:40:09","guid":{"rendered":"http:\/\/anprotec.org.br\/site\/?p=8631"},"modified":"2014-11-13T08:41:21","modified_gmt":"2014-11-13T11:41:21","slug":"fapemig-lanca-projeto-de-intercambio-com-mit","status":"publish","type":"post","link":"https:\/\/anprotec.org.br\/site\/2014\/11\/fapemig-lanca-projeto-de-intercambio-com-mit\/","title":{"rendered":"Fapemig lan\u00e7a projeto de interc\u00e2mbio com MIT"},"content":{"rendered":"<p style=\"text-align: justify\"><img decoding=\"async\" loading=\"lazy\" class=\"alignleft size-thumbnail wp-image-8632\" alt=\"MIT\" src=\"https:\/\/anprotec.org.br\/site\/wp-content\/uploads\/2014\/11\/MIT-270x160.jpg\" width=\"270\" height=\"160\" \/>A Funda\u00e7\u00e3o de Amparo \u00e0 Pesquisa do Estado de Minas Gerais (Fapemig) lan\u00e7ou programa que financiar\u00e1 a participa\u00e7\u00e3o de estudantes de gradua\u00e7\u00e3o e p\u00f3s-gradua\u00e7\u00e3o do Instituto de Tecnologia de Massachusetts (MIT) em projetos de micro e pequenas empresas de base tecnol\u00f3gica de Minas Gerais. O objetivo \u00e9 estimular a cultura da inova\u00e7\u00e3o nas empresas do Estado e proporcionar a troca de experi\u00eancias entre pa\u00edses, contribuindo para o desenvolvimento de novos produtos, processos e servi\u00e7os inovadores.<\/p>\n<p style=\"text-align: justify\">Micro e pequenas empresas cadastradas na FAPEMIG e que atuem com projetos de inova\u00e7\u00e3o poder\u00e3o participar do projeto. O foco ser\u00e1 voltado para as \u00e1reas de agroneg\u00f3cio, biotecnologia, eletroeletr\u00f4nicos, energias alternativas, meio ambiente, petr\u00f3leo e g\u00e1s, tecnologia da informa\u00e7\u00e3o e comunica\u00e7\u00e3o. As empresas interessadas t\u00eam at\u00e9 o dia 15 de dezembro para cadastrarem uma proposta de plano de trabalho, contemplando a participa\u00e7\u00e3o de um estudante do MIT em projeto de inova\u00e7\u00e3o tecnol\u00f3gica em desenvolvimento ou planejamento no Estado. As propostas selecionadas ser\u00e3o encaminhadas ao Programa MISTI IT-Brazil para recrutamento e pr\u00e9-sele\u00e7\u00e3o dos estudantes.<\/p>\n<p style=\"text-align: justify\">A FAPEMIG ir\u00e1 financiar at\u00e9 R$ 20 mil por aluno e a empresa dever\u00e1 participar com uma contrapartida de no m\u00ednimo 10% do valor proposto. O estudante receber\u00e1 apoio financeiro no per\u00edodo de execu\u00e7\u00e3o do plano de trabalho, que dever\u00e1 ser de, no m\u00e1ximo, 120 dias no Brasil, bem como as passagens para deslocamento de ida e volta e seguro de sa\u00fade durante o per\u00edodo de trabalho. O edital para as empresas j\u00e1 est\u00e1 dispon\u00edvel\u00a0<a href=\"http:\/\/www.fapemig.br\/admin\/editais\/upload\/Edital%2015-2014%20MIT.pdf\">aqui<\/a>.<\/p>\n<p style=\"text-align: justify\"><span style=\"line-height: 1.5em\">* Com informa\u00e7\u00f5es da Fapemig * Foto: Shutterstock<\/span><\/p>\n","protected":false},"excerpt":{"rendered":"<p><!--:pt-->Estudantes da universidade norte-americana receber\u00e3o financiamento para trabalhar em projetos de EBT&#8217;s de Minas Gerais, que devem apresentar propostas at\u00e9 15\/12. <!--:--><\/p>\n","protected":false},"author":8,"featured_media":8632,"comment_status":"open","ping_status":"open","sticky":false,"template":"","format":"standard","meta":{"footnotes":"","_links_to":"","_links_to_target":""},"categories":[3],"tags":[],"calendar":[],"_links":{"self":[{"href":"https:\/\/anprotec.org.br\/site\/wp-json\/wp\/v2\/posts\/8631"}],"collection":[{"href":"https:\/\/anprotec.org.br\/site\/wp-json\/wp\/v2\/posts"}],"about":[{"href":"https:\/\/anprotec.org.br\/site\/wp-json\/wp\/v2\/types\/post"}],"author":[{"embeddable":true,"href":"https:\/\/anprotec.org.br\/site\/wp-json\/wp\/v2\/users\/8"}],"replies":[{"embeddable":true,"href":"https:\/\/anprotec.org.br\/site\/wp-json\/wp\/v2\/comments?post=8631"}],"version-history":[{"count":3,"href":"https:\/\/anprotec.org.br\/site\/wp-json\/wp\/v2\/posts\/8631\/revisions"}],"predecessor-version":[{"id":8634,"href":"https:\/\/anprotec.org.br\/site\/wp-json\/wp\/v2\/posts\/8631\/revisions\/8634"}],"wp:featuredmedia":[{"embeddable":true,"href":"https:\/\/anprotec.org.br\/site\/wp-json\/wp\/v2\/media\/8632"}],"wp:attachment":[{"href":"https:\/\/anprotec.org.br\/site\/wp-json\/wp\/v2\/media?parent=8631"}],"wp:term":[{"taxonomy":"category","embeddable":true,"href":"https:\/\/anprotec.org.br\/site\/wp-json\/wp\/v2\/categories?post=8631"},{"taxonomy":"post_tag","embeddable":true,"href":"https:\/\/anprotec.org.br\/site\/wp-json\/wp\/v2\/tags?post=8631"},{"taxonomy":"calendar","embeddable":true,"href":"https:\/\/anprotec.org.br\/site\/wp-json\/wp\/v2\/calendar?post=8631"}],"curies":[{"name":"wp","href":"https:\/\/api.w.org\/{rel}","templated":true}]}}