{"id":8508,"date":"2014-11-05T08:38:13","date_gmt":"2014-11-05T11:38:13","guid":{"rendered":"http:\/\/anprotec.org.br\/site\/?p=8508"},"modified":"2014-11-04T16:38:30","modified_gmt":"2014-11-04T19:38:30","slug":"parque-oferece-minicurso-em-gestao-da-inovacao","status":"publish","type":"post","link":"https:\/\/anprotec.org.br\/site\/2014\/11\/parque-oferece-minicurso-em-gestao-da-inovacao\/","title":{"rendered":"<!--:pt-->Parque oferece minicurso em gest\u00e3o da inova\u00e7\u00e3o <!--:-->"},"content":{"rendered":"<p><!--:pt--><\/p>\n<p style=\"text-align: justify\"><img decoding=\"async\" loading=\"lazy\" class=\"alignleft size-thumbnail wp-image-7908\" alt=\"Parque Tecnologico- Gabriel Pinheiro\" src=\"https:\/\/anprotec.org.br\/site\/wp-content\/uploads\/2014\/09\/Parque-Tecnologico-Gabriel-Pinheiro-270x160.jpg\" width=\"270\" height=\"160\" \/><\/p>\n<p style=\"text-align: justify\">Nos dias 12 e 13 de novembro, o <a href=\"http:\/\/www.secti.ba.gov.br\/parque\/\" target=\"_blank\">Parque Tecnol\u00f3gico da Bahia<\/a>\u00a0oferece o <a href=\"http:\/\/www.anprotec.org.br\/Relata\/conviteMCBahia.jpg\" target=\"_blank\">\u201cMinicurso em gest\u00e3o da inova\u00e7\u00e3o, financiamentos, arcabou\u00e7o legal e elabora\u00e7\u00e3o de projetos\u201d<\/a>. Dividido em tr\u00eas m\u00f3dulos, o curso abordar\u00e1 elabora\u00e7\u00e3o de projetos para capta\u00e7\u00e3o de subven\u00e7\u00e3o econ\u00f4mica, linhas e modelos de financiamento para empresas inovadoras, al\u00e9m de aspectos jur\u00eddicos de fomento \u00e0 inova\u00e7\u00e3o.<\/p>\n<p style=\"text-align: justify\">As inscri\u00e7\u00f5es devem ser feitas at\u00e9 a pr\u00f3xima sexta-feira (07), pelo email <a href=\"mailto:parque.tecnologico@secti.ba.gov.br\">parque.tecnologico@secti.ba.gov.br<\/a>. As vagas s\u00e3o limitadas.<\/p>\n<p style=\"text-align: justify\">* Com foto e informa\u00e7\u00f5es do Parque Tecnol\u00f3gico da Bahia.<\/p>\n<p><!--:--><\/p>\n","protected":false},"excerpt":{"rendered":"<p><!--:pt-->Parque Tecnol\u00f3gico da Bahia oferece curso que abordar\u00e1 modelos de financiamento e aspectos legais de fomento \u00e0 inova\u00e7\u00e3o. As vagas s\u00e3o limitadas e as inscri\u00e7\u00f5es encerram nesta sexta-feira (07).  <!--:--><\/p>\n","protected":false},"author":8,"featured_media":7908,"comment_status":"open","ping_status":"open","sticky":false,"template":"","format":"standard","meta":{"footnotes":"","_links_to":"","_links_to_target":""},"categories":[3],"tags":[],"calendar":[],"_links":{"self":[{"href":"https:\/\/anprotec.org.br\/site\/wp-json\/wp\/v2\/posts\/8508"}],"collection":[{"href":"https:\/\/anprotec.org.br\/site\/wp-json\/wp\/v2\/posts"}],"about":[{"href":"https:\/\/anprotec.org.br\/site\/wp-json\/wp\/v2\/types\/post"}],"author":[{"embeddable":true,"href":"https:\/\/anprotec.org.br\/site\/wp-json\/wp\/v2\/users\/8"}],"replies":[{"embeddable":true,"href":"https:\/\/anprotec.org.br\/site\/wp-json\/wp\/v2\/comments?post=8508"}],"version-history":[{"count":2,"href":"https:\/\/anprotec.org.br\/site\/wp-json\/wp\/v2\/posts\/8508\/revisions"}],"predecessor-version":[{"id":8510,"href":"https:\/\/anprotec.org.br\/site\/wp-json\/wp\/v2\/posts\/8508\/revisions\/8510"}],"wp:featuredmedia":[{"embeddable":true,"href":"https:\/\/anprotec.org.br\/site\/wp-json\/wp\/v2\/media\/7908"}],"wp:attachment":[{"href":"https:\/\/anprotec.org.br\/site\/wp-json\/wp\/v2\/media?parent=8508"}],"wp:term":[{"taxonomy":"category","embeddable":true,"href":"https:\/\/anprotec.org.br\/site\/wp-json\/wp\/v2\/categories?post=8508"},{"taxonomy":"post_tag","embeddable":true,"href":"https:\/\/anprotec.org.br\/site\/wp-json\/wp\/v2\/tags?post=8508"},{"taxonomy":"calendar","embeddable":true,"href":"https:\/\/anprotec.org.br\/site\/wp-json\/wp\/v2\/calendar?post=8508"}],"curies":[{"name":"wp","href":"https:\/\/api.w.org\/{rel}","templated":true}]}}