{"id":8372,"date":"2014-10-22T23:00:50","date_gmt":"2014-10-23T02:00:50","guid":{"rendered":"http:\/\/anprotec.org.br\/site\/?p=8372"},"modified":"2014-10-23T09:02:00","modified_gmt":"2014-10-23T12:02:00","slug":"8372","status":"publish","type":"post","link":"https:\/\/anprotec.org.br\/site\/2014\/10\/8372\/","title":{"rendered":"Comiss\u00e3o Europeia e Apex-Brasil conhecem PCT Guam\u00e1"},"content":{"rendered":"<p style=\"text-align: justify\"><img decoding=\"async\" loading=\"lazy\" class=\"alignleft size-medium wp-image-8373\" alt=\"VISITA3\" src=\"https:\/\/anprotec.org.br\/site\/wp-content\/uploads\/2014\/10\/VISITA3-300x162.jpg\" width=\"300\" height=\"162\" srcset=\"https:\/\/anprotec.org.br\/site\/wp-content\/uploads\/2014\/10\/VISITA3-300x162.jpg 300w, https:\/\/anprotec.org.br\/site\/wp-content\/uploads\/2014\/10\/VISITA3.jpg 448w\" sizes=\"(max-width: 300px) 100vw, 300px\" \/>As voca\u00e7\u00f5es tecnol\u00f3gicas e as oportunidades de servi\u00e7os e de espa\u00e7os no Parque de Ci\u00eancia e Tecnologia Guam\u00e1 (PCT Guam\u00e1) foram apresentadas a agentes governamentais das \u00e1reas de ci\u00eancia e tecnologia, com\u00e9rcio, agricultura e meio ambiente que formulam pol\u00edticas p\u00fablicas na Comiss\u00e3o Europeia, em visita realiza na tarde desta quarta-feira (22). Com o objetivo de apresentar iniciativas na \u00e1rea de sustentabilidade nos estados do Par\u00e1 e Amazonas, a visita foi organizada pela\u00a0Ag\u00eancia Brasileira de Promo\u00e7\u00e3o de Exporta\u00e7\u00f5es (Apex-Brasil), tendo \u00e0 frente a gerente executiva Ana Paula Repezza, da \u00e1rea de Facilita\u00e7\u00e3o para Neg\u00f3cios Internacionais da Apex-Brasil.<\/p>\n<p style=\"text-align: justify\"><span style=\"line-height: 1.5em\">Na visita ao PCT Guam\u00e1, em Bel\u00e9m (PA), os participantes foram recebidos pelo diretor-presidente do Parque, Ant\u00f4nio Abel\u00e9m, que destacou os projetos e empresas em desenvolvimento na \u00e1rea de biotecnologia no PCT Guam\u00e1 e no Programa de Incuba\u00e7\u00e3o de Empresas de Base Tecnol\u00f3gica da Ag\u00eancia de Inova\u00e7\u00e3o da Universidade Federal do Par\u00e1 (PIEBT-Universitec-UFPA), parceiro do Parque.<\/span><\/p>\n<p style=\"text-align: justify\"><span style=\"line-height: 1.5em\">Quest\u00f5es como a rela\u00e7\u00e3o das empresas em processo de incuba\u00e7\u00e3o com os universit\u00e1rios da UFPA, a participa\u00e7\u00e3o de fundos de capital de risco e as iniciativas de fomento \u00e0 cultura de empreendedorismo inovador foram abordadas pelos visitantes. \u201cOs laborat\u00f3rios que operam no PCT Guam\u00e1 e na UFPA, assim como as empresas incubadas no PIEBT-UFPA, mant\u00eam forte rela\u00e7\u00e3o com estudantes de gradua\u00e7\u00e3o e p\u00f3s-gradua\u00e7\u00e3o da universidade. Alguns comp\u00f5em parte das equipes destes ambientes de inova\u00e7\u00e3o. Em rela\u00e7\u00e3o \u00e0 presen\u00e7a de capital anjo ou venture capital, o PCT Guam\u00e1 est\u00e1 buscando parcerias para participar de Fundos e de programas que incentivam a acelera\u00e7\u00e3o de empresas de base tecnol\u00f3gica. Tamb\u00e9m somos parceiros da Universitec-UFPA em iniciativas de est\u00edmulo ao esp\u00edrito empreendedor dentro da universidade\u201d, explanou Abel\u00e9m.<\/span><\/p>\n<p style=\"text-align: justify\"><span style=\"line-height: 1.5em\">Ap\u00f3s conhecerem como funcionam a gest\u00e3o e a opera\u00e7\u00e3o do PCT Guam\u00e1, os participantes da Comiss\u00e3o Europeia participaram de visita t\u00e9cnica na \u00e1rea externa do Parque e na Universitec-UFPA, onde foram recebidos pela coordenadora do PIEBT-UFPA, Iara Neves Oliveira, pela equipe da Universitec-UFPA e pelos empreendedores F\u00e1bio Moura (Amazon Dreams), Carlomagno Bahia (Amaz\u00f4nia Biotech) e Alex Guedes Alves (Amazon Biotech), da \u00e1rea de biotecnologia. L\u00e1, conheceram como opera a ag\u00eancia de inova\u00e7\u00e3o, a incubadora da UFPA e as empresas em processo de incuba\u00e7\u00e3o, cujos neg\u00f3cios t\u00eam como base compostos da biodiversidade da regi\u00e3o amaz\u00f4nica.<\/span><\/p>\n<p style=\"text-align: justify\">* Com informa\u00e7\u00f5es e foto do PCT Guam\u00e1<\/p>\n","protected":false},"excerpt":{"rendered":"<p><!--:pt-->Objetivo da visita organizada pela Ag\u00eancia Brasileira de Promo\u00e7\u00e3o de Exporta\u00e7\u00f5es (Apex-Brasil) foi apresentar iniciativas na \u00e1rea de sustentabilidade, al\u00e9m das oportunidades do parque. <!--:--><\/p>\n","protected":false},"author":8,"featured_media":8373,"comment_status":"open","ping_status":"open","sticky":false,"template":"","format":"standard","meta":{"footnotes":"","_links_to":"","_links_to_target":""},"categories":[3],"tags":[],"calendar":[],"_links":{"self":[{"href":"https:\/\/anprotec.org.br\/site\/wp-json\/wp\/v2\/posts\/8372"}],"collection":[{"href":"https:\/\/anprotec.org.br\/site\/wp-json\/wp\/v2\/posts"}],"about":[{"href":"https:\/\/anprotec.org.br\/site\/wp-json\/wp\/v2\/types\/post"}],"author":[{"embeddable":true,"href":"https:\/\/anprotec.org.br\/site\/wp-json\/wp\/v2\/users\/8"}],"replies":[{"embeddable":true,"href":"https:\/\/anprotec.org.br\/site\/wp-json\/wp\/v2\/comments?post=8372"}],"version-history":[{"count":3,"href":"https:\/\/anprotec.org.br\/site\/wp-json\/wp\/v2\/posts\/8372\/revisions"}],"predecessor-version":[{"id":8377,"href":"https:\/\/anprotec.org.br\/site\/wp-json\/wp\/v2\/posts\/8372\/revisions\/8377"}],"wp:featuredmedia":[{"embeddable":true,"href":"https:\/\/anprotec.org.br\/site\/wp-json\/wp\/v2\/media\/8373"}],"wp:attachment":[{"href":"https:\/\/anprotec.org.br\/site\/wp-json\/wp\/v2\/media?parent=8372"}],"wp:term":[{"taxonomy":"category","embeddable":true,"href":"https:\/\/anprotec.org.br\/site\/wp-json\/wp\/v2\/categories?post=8372"},{"taxonomy":"post_tag","embeddable":true,"href":"https:\/\/anprotec.org.br\/site\/wp-json\/wp\/v2\/tags?post=8372"},{"taxonomy":"calendar","embeddable":true,"href":"https:\/\/anprotec.org.br\/site\/wp-json\/wp\/v2\/calendar?post=8372"}],"curies":[{"name":"wp","href":"https:\/\/api.w.org\/{rel}","templated":true}]}}