{"id":8350,"date":"2014-10-22T09:52:10","date_gmt":"2014-10-22T12:52:10","guid":{"rendered":"http:\/\/anprotec.org.br\/site\/?p=8350"},"modified":"2014-11-10T16:20:14","modified_gmt":"2014-11-10T19:20:14","slug":"anprotec-promove-seminario-no-fim-de-ano","status":"publish","type":"post","link":"https:\/\/anprotec.org.br\/site\/2014\/10\/anprotec-promove-seminario-no-fim-de-ano\/","title":{"rendered":"Anprotec promove semin\u00e1rio no fim de ano"},"content":{"rendered":"<p style=\"text-align: justify\"><img decoding=\"async\" loading=\"lazy\" class=\"alignleft size-medium wp-image-6559\" alt=\"seminario\" src=\"https:\/\/anprotec.org.br\/site\/wp-content\/uploads\/2014\/05\/seminario-300x199.jpg\" width=\"300\" height=\"199\" srcset=\"https:\/\/anprotec.org.br\/site\/wp-content\/uploads\/2014\/05\/seminario-300x199.jpg 300w, https:\/\/anprotec.org.br\/site\/wp-content\/uploads\/2014\/05\/seminario.jpg 500w\" sizes=\"(max-width: 300px) 100vw, 300px\" \/>Uma das atividades previstas na <a href=\"https:\/\/anprotec.org.br\/site\/2014\/10\/anprotec-define-programacao-do-fim-do-ano\/\" target=\"_blank\">programa\u00e7\u00e3o de fim de ano da Anprotec<\/a>, entre os dias 02 e 04 de dezembro, \u00e9 o <a href=\"http:\/\/www.anprotec.org.br\/Relata\/SeminarioFimAno.jpg\" target=\"_blank\">Semin\u00e1rio final<\/a> do projeto \u201cParques e incubadoras para o desenvolvimento do Brasil\u201d, financiado pela Embaixada Brit\u00e2nica no Brasil e pelo Minist\u00e9rio de Ci\u00eancia, Tecnologia e Inova\u00e7\u00e3o brasileiro, com parceria da Anprotec e da Universidade Federal de Santa Catarina (UFSC).<\/p>\n<p style=\"text-align: justify\"><span style=\"line-height: 1.5em\">A abertura do semin\u00e1rio ocorre no fim do dia 03, \u00e0s 17h30, com a presen\u00e7a de autoridades do Brasil e do Reino Unido, e lideran\u00e7as de entidades ligadas ao empreendedorismo e \u00e0 Inova\u00e7\u00e3o. Ap\u00f3s, a Palestra Magna \u201cO papel dos parques tecnol\u00f3gicos no desenvolvimento regional \u2013 O case do Reino Unido\u201d ser\u00e1 proferida por Shirley M. Jamieson, da Universidade de Cambridge. Jamieson \u00e9 chefe do departamento de marketing da universidade e foi fundadora do Centro de Empreendedorismo de Cambridge. Possui vasta experi\u00eancia em start-ups, depois de ter trabalhado mais de 15 anos em recrutamento de executivos.<\/span><\/p>\n<p style=\"text-align: justify\"><span style=\"line-height: 1.5em\">No dia 04, as atividades do semin\u00e1rio come\u00e7am \u00e0s 08h30 e v\u00e3o at\u00e9 \u00e0s 16h. Na parte da manh\u00e3, ser\u00e3o apresentados os resultados da an\u00e1lise de impacto do Programa Nacional de Apoio \u00e0s Incubadoras de Empresas e Parques Tecnol\u00f3gicos (PNI). \u201cAnalisamos os ambientes de inova\u00e7\u00e3o que receberam recursos do PNI entre 2002 e 2012 e confrontamos com dados daqueles que n\u00e3o receberam\u201d, explica a pesquisadora do Centro de Empreendedorismo Inovador da Funda\u00e7\u00e3o Certi e tamb\u00e9m coordenadora do estudo, Eliza Coral. Na sequ\u00eancia, ser\u00e1 apresentado um benchmarking de pol\u00edticas de inova\u00e7\u00e3o voltadas a parques e incubadoras em diversos pa\u00edses, identificando boas pr\u00e1ticas que podem balizar a proposi\u00e7\u00e3o de pol\u00edticas p\u00fablicas no Brasil.<\/span><\/p>\n<p style=\"text-align: justify\"><span style=\"line-height: 1.5em\">Depois de terem acesso a todas as informa\u00e7\u00f5es do estudo, o p\u00fablico participar\u00e1 de duas oficinas para valida\u00e7\u00e3o de pol\u00edticas p\u00fablicas para parques tecnol\u00f3gicos e incubadoras de empresas no Brasil. \u201cA inten\u00e7\u00e3o \u00e9 que todos apresentem contribui\u00e7\u00f5es e sugest\u00f5es para a melhoria e proposi\u00e7\u00e3o de pol\u00edticas p\u00fablicas brasileiras. Com isso, consolidaremos um documento final, que ser\u00e1 entregue ao MCTI, encerrando nosso trabalho\u201d, afirma Eliza.<\/span><\/p>\n<p style=\"text-align: justify\">Confira o programa do semin\u00e1rio <a href=\"http:\/\/www.anprotec.org.br\/Relata\/SeminarioFimAno.jpg\" target=\"_blank\">aqui<\/a>.<\/p>\n<p style=\"text-align: justify\"><span style=\"line-height: 1.5em\">Para mais informa\u00e7\u00f5es sobre a programa\u00e7\u00e3o de fim de ano da Anprotec, <a href=\"http:\/\/www.anprotec.org.br\/Relata\/email3.html\" target=\"_blank\">clique aqui<\/a>. Consulte as op\u00e7\u00f5es de hot\u00e9is de Bras\u00edlia, <a href=\"http:\/\/www.anprotec.org.br\/Relata\/HoteisBrasilia_CafedaManha.pdf\" target=\"_blank\">aqui<\/a>.\u00a0<\/span><\/p>\n<p style=\"text-align: justify\">* Foto: Shutterstock<\/p>\n","protected":false},"excerpt":{"rendered":"<p><!--:pt-->Atividade integra a programa\u00e7\u00e3o de fim de ano da Associa\u00e7\u00e3o e apresentar\u00e1 resultados do projeto \u201cParques e incubadoras para o desenvolvimento do Brasil\u201d, com realiza\u00e7\u00e3o de oficinas. <!--:--><\/p>\n","protected":false},"author":8,"featured_media":6559,"comment_status":"open","ping_status":"open","sticky":false,"template":"","format":"standard","meta":{"footnotes":"","_links_to":"","_links_to_target":""},"categories":[3],"tags":[],"calendar":[],"_links":{"self":[{"href":"https:\/\/anprotec.org.br\/site\/wp-json\/wp\/v2\/posts\/8350"}],"collection":[{"href":"https:\/\/anprotec.org.br\/site\/wp-json\/wp\/v2\/posts"}],"about":[{"href":"https:\/\/anprotec.org.br\/site\/wp-json\/wp\/v2\/types\/post"}],"author":[{"embeddable":true,"href":"https:\/\/anprotec.org.br\/site\/wp-json\/wp\/v2\/users\/8"}],"replies":[{"embeddable":true,"href":"https:\/\/anprotec.org.br\/site\/wp-json\/wp\/v2\/comments?post=8350"}],"version-history":[{"count":7,"href":"https:\/\/anprotec.org.br\/site\/wp-json\/wp\/v2\/posts\/8350\/revisions"}],"predecessor-version":[{"id":8356,"href":"https:\/\/anprotec.org.br\/site\/wp-json\/wp\/v2\/posts\/8350\/revisions\/8356"}],"wp:featuredmedia":[{"embeddable":true,"href":"https:\/\/anprotec.org.br\/site\/wp-json\/wp\/v2\/media\/6559"}],"wp:attachment":[{"href":"https:\/\/anprotec.org.br\/site\/wp-json\/wp\/v2\/media?parent=8350"}],"wp:term":[{"taxonomy":"category","embeddable":true,"href":"https:\/\/anprotec.org.br\/site\/wp-json\/wp\/v2\/categories?post=8350"},{"taxonomy":"post_tag","embeddable":true,"href":"https:\/\/anprotec.org.br\/site\/wp-json\/wp\/v2\/tags?post=8350"},{"taxonomy":"calendar","embeddable":true,"href":"https:\/\/anprotec.org.br\/site\/wp-json\/wp\/v2\/calendar?post=8350"}],"curies":[{"name":"wp","href":"https:\/\/api.w.org\/{rel}","templated":true}]}}