{"id":8341,"date":"2014-10-21T14:17:35","date_gmt":"2014-10-21T17:17:35","guid":{"rendered":"http:\/\/anprotec.org.br\/site\/?p=8341"},"modified":"2014-10-21T14:17:35","modified_gmt":"2014-10-21T17:17:35","slug":"anprotec-participa-de-assembleia-geral-da-iasp","status":"publish","type":"post","link":"https:\/\/anprotec.org.br\/site\/2014\/10\/anprotec-participa-de-assembleia-geral-da-iasp\/","title":{"rendered":"Anprotec participa de Assembleia Geral da Iasp"},"content":{"rendered":"<p style=\"text-align: justify\"><img decoding=\"async\" loading=\"lazy\" class=\"alignleft size-medium wp-image-8344\" alt=\"image\" src=\"https:\/\/anprotec.org.br\/site\/wp-content\/uploads\/2014\/10\/image-300x225.jpeg\" width=\"300\" height=\"225\" srcset=\"https:\/\/anprotec.org.br\/site\/wp-content\/uploads\/2014\/10\/image-300x225.jpeg 300w, https:\/\/anprotec.org.br\/site\/wp-content\/uploads\/2014\/10\/image.jpeg 640w\" sizes=\"(max-width: 300px) 100vw, 300px\" \/>Durante a Assembleia Geral da Iasp (Associa\u00e7\u00e3o Internacional de Parques Tecnol\u00f3gicos) \u2013 realizada hoje (21) como parte da programa\u00e7\u00e3o da 31\u00aa Confer\u00eancia da Associa\u00e7\u00e3o em Doha, no Qatar \u2013, foi aprovado o nome de Jean-Francoise Balducchi (Atlanpole, France) para o cargo de presidente da Associa\u00e7\u00e3o e de Josep Pique (@22, Barcelona) para vice-presidente. Na ocasi\u00e3o, a Anprotec esteve representada pelo vice-presidente, Jorge Audy, que ocupa tamb\u00e9m o cargo de presidente da Iasp para a Am\u00e9rica Latina.<\/p>\n<p style=\"text-align: justify\">O diretor geral da Iasp, Luis Sanz, foi o respons\u00e1vel pela abertura da reuni\u00e3o, que foi seguida pela fala do presidente Rick Wedle, despedindo-se do cargo. Em seguida, foi apresentou um balan\u00e7o das atividades da gest\u00e3o de Wedle, comemorando a marca de 400 membros em mais de 70 pa\u00edses e a situa\u00e7\u00e3o financeira est\u00e1vel da Iasp. Outro destaque foi o interesse crescente dos membros em sediar a confer\u00eancia da Iasp, refor\u00e7ando o sucesso e alcance da entidade.<\/p>\n<p style=\"text-align: justify\"><span style=\"line-height: 1.5em\">Em seguida, foram aprovadas as escolhas do presidente de vice, al\u00e9m de novos membros dos Comites e Treasure da Iasp. Finalmente, foi escolhida a sede da 33\u00aa Confer\u00eancia da Iasp, que ser\u00e1 em Moscou, no parque de Skolkovo.<\/span><\/p>\n<p style=\"text-align: justify\"><b style=\"line-height: 1.5em\">Delega\u00e7\u00e3o brasileira<\/b><\/p>\n<p style=\"text-align: justify\"><img decoding=\"async\" loading=\"lazy\" class=\"alignleft size-full wp-image-8346\" alt=\"iasp2014 (300x225)\" src=\"https:\/\/anprotec.org.br\/site\/wp-content\/uploads\/2014\/10\/iasp2014-300x225.jpg\" width=\"300\" height=\"225\" \/>Uma delega\u00e7\u00e3o brasileira est\u00e1 em Doha (foto), prestigiando a 31\u00aa Confer\u00eancia da Iasp. H\u00e1 representantes da Universidade de S\u00e3o Paulo (USP), da Universidade Federal do Rio de Janeiro (UFRJ &#8211; Parque do Rio), da Universidade Federal de Vi\u00e7osa (UFV \u2013 TecnoParq), da Universidade do Vale do Rio dos Sinos (Unisinos &#8211; Tecnosinos), da Pontif\u00edcia Universidade Cat\u00f3lica do Rio Grande do Sul (PUCRS &#8211; Tecnopuc), da Pontif\u00edcia Universidade Cat\u00f3lica do Paran\u00e1 (PUCPR &#8211; Tecnoparque), da Pontif\u00edcia Universidade Cat\u00f3lica do Rio de Janeiro (PUC Rio), da Universidade Federal do Rio Grande (FURG &#8211; Ocean Tech), do Porto Digital, do Parque Tecnol\u00f3gico de Sorocaba, do governo do Rio de Janeiro, entre outras entidades.<\/p>\n","protected":false},"excerpt":{"rendered":"<p><!--:pt-->Vice-presidente da Associa\u00e7\u00e3o, Jorge Audy, esteve na reuni\u00e3o realizada hoje (21) que aprovou a indica\u00e7\u00e3o de Jean-Francoise Balducchi (Atlanpole, France) para o cargo de presidente.<!--:--><\/p>\n","protected":false},"author":8,"featured_media":8344,"comment_status":"open","ping_status":"open","sticky":false,"template":"","format":"standard","meta":{"footnotes":"","_links_to":"","_links_to_target":""},"categories":[3],"tags":[],"calendar":[],"_links":{"self":[{"href":"https:\/\/anprotec.org.br\/site\/wp-json\/wp\/v2\/posts\/8341"}],"collection":[{"href":"https:\/\/anprotec.org.br\/site\/wp-json\/wp\/v2\/posts"}],"about":[{"href":"https:\/\/anprotec.org.br\/site\/wp-json\/wp\/v2\/types\/post"}],"author":[{"embeddable":true,"href":"https:\/\/anprotec.org.br\/site\/wp-json\/wp\/v2\/users\/8"}],"replies":[{"embeddable":true,"href":"https:\/\/anprotec.org.br\/site\/wp-json\/wp\/v2\/comments?post=8341"}],"version-history":[{"count":2,"href":"https:\/\/anprotec.org.br\/site\/wp-json\/wp\/v2\/posts\/8341\/revisions"}],"predecessor-version":[{"id":8348,"href":"https:\/\/anprotec.org.br\/site\/wp-json\/wp\/v2\/posts\/8341\/revisions\/8348"}],"wp:featuredmedia":[{"embeddable":true,"href":"https:\/\/anprotec.org.br\/site\/wp-json\/wp\/v2\/media\/8344"}],"wp:attachment":[{"href":"https:\/\/anprotec.org.br\/site\/wp-json\/wp\/v2\/media?parent=8341"}],"wp:term":[{"taxonomy":"category","embeddable":true,"href":"https:\/\/anprotec.org.br\/site\/wp-json\/wp\/v2\/categories?post=8341"},{"taxonomy":"post_tag","embeddable":true,"href":"https:\/\/anprotec.org.br\/site\/wp-json\/wp\/v2\/tags?post=8341"},{"taxonomy":"calendar","embeddable":true,"href":"https:\/\/anprotec.org.br\/site\/wp-json\/wp\/v2\/calendar?post=8341"}],"curies":[{"name":"wp","href":"https:\/\/api.w.org\/{rel}","templated":true}]}}