{"id":8338,"date":"2014-10-21T10:12:27","date_gmt":"2014-10-21T13:12:27","guid":{"rendered":"http:\/\/anprotec.org.br\/site\/?p=8338"},"modified":"2014-10-21T10:51:51","modified_gmt":"2014-10-21T13:51:51","slug":"incubadora-casulo-esta-com-edital-aberto-2","status":"publish","type":"post","link":"https:\/\/anprotec.org.br\/site\/2014\/10\/incubadora-casulo-esta-com-edital-aberto-2\/","title":{"rendered":"Incubadora Casulo est\u00e1 com edital aberto"},"content":{"rendered":"<p style=\"text-align: justify\"><img decoding=\"async\" loading=\"lazy\" class=\"alignleft size-thumbnail wp-image-5930\" alt=\"logo casulo\" src=\"https:\/\/anprotec.org.br\/site\/wp-content\/uploads\/2014\/03\/logo-casulo1-270x160.jpg\" width=\"270\" height=\"160\" \/>A Casulo, Incubadora de Empresas do UniCEUB (Centro Universit\u00e1rio de Bras\u00edlia), est\u00e1 com edital aberto para sele\u00e7\u00e3o de projetos e ideias inovadoras para pr\u00e9-incuba\u00e7\u00e3o, com seis vagas, e incuba\u00e7\u00e3o, com cinco vagas. Ser\u00e3o avaliadas propostas de empresas que sejam inovadoras nas \u00e1reas de agroneg\u00f3cio, tecnologia da informa\u00e7\u00e3o, sa\u00fade, educa\u00e7\u00e3o, administra\u00e7\u00e3o e comunica\u00e7\u00e3o, entre outras.<\/p>\n<p style=\"text-align: justify\">Para a pr\u00e9-incuba\u00e7\u00e3o, fase inicial na qual o empreendedor desenvolve o projeto (Plano de Neg\u00f3cios) do empreendimento, visando preparar-se para o ingresso na incubadora, enquadram-se projetos em fase de: \u00a0 desenvolvimento do Plano Estrat\u00e9gico e do Plano de Neg\u00f3cio; mapeamento dos principais processos da empresa e finaliza\u00e7\u00e3o do prot\u00f3tipo do produto ou do servi\u00e7o a ser oferecido ao mercado.<\/p>\n<div dir=\"ltr\" style=\"text-align: justify\">Para a incuba\u00e7\u00e3o, processo no qual o interessado se instala fisicamente na Casulo para desenvolvimento do neg\u00f3cio proposto por meio de um plano de neg\u00f3cios, o produto ou o servi\u00e7o deve estar pronto para comercializa\u00e7\u00e3o.<\/div>\n<div dir=\"ltr\">\n<div dir=\"ltr\"><\/div>\n<div dir=\"ltr\">As inscri\u00e7\u00f5es estar\u00e3o abertas at\u00e9 o dia 30 de outubro de 2014 e devem ser feitas\u00a0na recep\u00e7\u00e3o da incubadora (SCS, Quadra 01, Edif\u00edcio Uni\u00e3o, 12\u00b0 Andar &#8211; Bras\u00edlia).<\/div>\n<div dir=\"ltr\"><\/div>\n<div dir=\"ltr\">Para mais informa\u00e7\u00f5es, <a href=\"http:\/\/www.uniceub.br\/noticias\/editais\/2014-2o-semestre\/incubadora-de-empresas-do-uniceub.aspx\" target=\"_blank\">clique aqui<\/a>.<\/div>\n<div dir=\"ltr\">* Com informa\u00e7\u00f5es da Casulo<\/div>\n<\/div>\n","protected":false},"excerpt":{"rendered":"<p><!--:pt-->Incubadora da UniCEUB  seleciona projetos e ideias inovadoras para pr\u00e9-incuba\u00e7\u00e3o e incuba\u00e7\u00e3o. S\u00e3o onze vagas no total e as inscri\u00e7\u00f5es podem ser feitas at\u00e9 o dia 30 de outubro.<!--:--><\/p>\n","protected":false},"author":8,"featured_media":5930,"comment_status":"open","ping_status":"open","sticky":false,"template":"","format":"standard","meta":{"footnotes":"","_links_to":"","_links_to_target":""},"categories":[3],"tags":[],"calendar":[],"_links":{"self":[{"href":"https:\/\/anprotec.org.br\/site\/wp-json\/wp\/v2\/posts\/8338"}],"collection":[{"href":"https:\/\/anprotec.org.br\/site\/wp-json\/wp\/v2\/posts"}],"about":[{"href":"https:\/\/anprotec.org.br\/site\/wp-json\/wp\/v2\/types\/post"}],"author":[{"embeddable":true,"href":"https:\/\/anprotec.org.br\/site\/wp-json\/wp\/v2\/users\/8"}],"replies":[{"embeddable":true,"href":"https:\/\/anprotec.org.br\/site\/wp-json\/wp\/v2\/comments?post=8338"}],"version-history":[{"count":2,"href":"https:\/\/anprotec.org.br\/site\/wp-json\/wp\/v2\/posts\/8338\/revisions"}],"predecessor-version":[{"id":8340,"href":"https:\/\/anprotec.org.br\/site\/wp-json\/wp\/v2\/posts\/8338\/revisions\/8340"}],"wp:featuredmedia":[{"embeddable":true,"href":"https:\/\/anprotec.org.br\/site\/wp-json\/wp\/v2\/media\/5930"}],"wp:attachment":[{"href":"https:\/\/anprotec.org.br\/site\/wp-json\/wp\/v2\/media?parent=8338"}],"wp:term":[{"taxonomy":"category","embeddable":true,"href":"https:\/\/anprotec.org.br\/site\/wp-json\/wp\/v2\/categories?post=8338"},{"taxonomy":"post_tag","embeddable":true,"href":"https:\/\/anprotec.org.br\/site\/wp-json\/wp\/v2\/tags?post=8338"},{"taxonomy":"calendar","embeddable":true,"href":"https:\/\/anprotec.org.br\/site\/wp-json\/wp\/v2\/calendar?post=8338"}],"curies":[{"name":"wp","href":"https:\/\/api.w.org\/{rel}","templated":true}]}}