{"id":8330,"date":"2014-10-20T10:29:07","date_gmt":"2014-10-20T13:29:07","guid":{"rendered":"http:\/\/anprotec.org.br\/site\/?p=8330"},"modified":"2014-10-20T10:29:07","modified_gmt":"2014-10-20T13:29:07","slug":"fundacao-certi-assina-acordo-com-berlin-partner","status":"publish","type":"post","link":"https:\/\/anprotec.org.br\/site\/2014\/10\/fundacao-certi-assina-acordo-com-berlin-partner\/","title":{"rendered":"Funda\u00e7\u00e3o CERTI assina acordo com Berlin Partner"},"content":{"rendered":"<p style=\"text-align: justify\"><img decoding=\"async\" loading=\"lazy\" class=\"alignleft size-medium wp-image-8331\" alt=\"Berlin Partners6\" src=\"https:\/\/anprotec.org.br\/site\/wp-content\/uploads\/2014\/10\/Berlin-Partners6-300x225.jpg\" width=\"300\" height=\"225\" srcset=\"https:\/\/anprotec.org.br\/site\/wp-content\/uploads\/2014\/10\/Berlin-Partners6-300x225.jpg 300w, https:\/\/anprotec.org.br\/site\/wp-content\/uploads\/2014\/10\/Berlin-Partners6-1024x768.jpg 1024w, https:\/\/anprotec.org.br\/site\/wp-content\/uploads\/2014\/10\/Berlin-Partners6.jpg 2048w\" sizes=\"(max-width: 300px) 100vw, 300px\" \/>Representantes da entidade alem\u00e3 Berlin Partner \u2013 ag\u00eancia p\u00fablico-privada que representa o Estado de Berlim em assuntos de Ci\u00eancia, Tecnologia e Inova\u00e7\u00e3o \u2013, estiveram em Florian\u00f3polis na sexta-feira (17) para a assinatura de um acordo de coopera\u00e7\u00e3o internacional que visa refor\u00e7ar a colabora\u00e7\u00e3o bilateral entre institutos de pesquisa e empresas voltadas \u00e0 tecnologia e \u00e0 inova\u00e7\u00e3o. O foco principal \u00e9 a \u00e1rea de fot\u00f4nica, cujas aplica\u00e7\u00f5es incluem telecomunica\u00e7\u00f5es, tecnologias militares, rob\u00f3tica, processamento de informa\u00e7\u00f5es, agricultura, metrologia e medicina. Tamb\u00e9m foi assinado um acordo entre o Estado de Berlim e Santa Catarina.<\/p>\n<p style=\"text-align: justify\"><span style=\"line-height: 1.5em\">Representando a Funda\u00e7\u00e3o de Amparo \u00e0 Pesquisa e Inova\u00e7\u00e3o do Estado de Santa Catarina (FAPESC) estava o presidente da funda\u00e7\u00e3o, Sergio Gargioni, e pela Funda\u00e7\u00e3o CERTI, organiza\u00e7\u00e3o de P&amp;D localizada em Florian\u00f3polis, assinou o documento o superintendente geral, Carlos Alberto Schneider<\/span><\/p>\n<p style=\"text-align: justify\"><span style=\"line-height: 1.5em\">Tamb\u00e9m estiveram presentes na cerim\u00f4nia o senador Luiz Henrique da Silveira, o secret\u00e1rio-adjunto do Desenvolvimento Econ\u00f4mico Sustent\u00e1vel, Claudir Maciel, o secret\u00e1rio nacional de pol\u00edticas de turismo, Vinicius Lummertz, e o C\u00f4nsul Geral da Alemanha em Porto Alegre, Stefan Traumann. Da institui\u00e7\u00e3o alem\u00e3 estavam Barbara Staib, respons\u00e1vel pela coopera\u00e7\u00e3o internacional do Minist\u00e9rio de Economia, Tecnologia e Pesquisa do Estado de Berlim, e Sebastian Saule, presidente da divis\u00e3o de ind\u00fastrias manufatureiras da Berlin Partner.<\/span><\/p>\n<p style=\"text-align: justify\"><span style=\"line-height: 1.5em\">Antes da assinatura dos acordos, a Funda\u00e7\u00e3o CERTI promoveu uma rodada de neg\u00f3cios entre empresas e institutos tecnol\u00f3gicos para identificar projetos de coopera\u00e7\u00e3o com a Berlin Partner. Durante todo o dia, os representantes da entidade alem\u00e3 visitaram as instala\u00e7\u00f5es e laborat\u00f3rios da Funda\u00e7\u00e3o CERTI e a Incubadora CELTA.\u00a0<\/span><\/p>\n<p style=\"text-align: justify\"><span style=\"line-height: 1.5em\">* Com informa\u00e7\u00f5es e foto da Funda\u00e7\u00e3o Certi\u00a0<\/span><\/p>\n","protected":false},"excerpt":{"rendered":"<p><!--:pt-->Acordo de coopera\u00e7\u00e3o internacional, com foco na \u00e1rea de fot\u00f4nica, visa refor\u00e7ar a colabora\u00e7\u00e3o bilateral entre institutos de pesquisa e empresas voltadas \u00e0 tecnologia e \u00e0 inova\u00e7\u00e3o. <!--:--><\/p>\n","protected":false},"author":8,"featured_media":8331,"comment_status":"open","ping_status":"open","sticky":false,"template":"","format":"standard","meta":{"footnotes":"","_links_to":"","_links_to_target":""},"categories":[3],"tags":[],"calendar":[],"_links":{"self":[{"href":"https:\/\/anprotec.org.br\/site\/wp-json\/wp\/v2\/posts\/8330"}],"collection":[{"href":"https:\/\/anprotec.org.br\/site\/wp-json\/wp\/v2\/posts"}],"about":[{"href":"https:\/\/anprotec.org.br\/site\/wp-json\/wp\/v2\/types\/post"}],"author":[{"embeddable":true,"href":"https:\/\/anprotec.org.br\/site\/wp-json\/wp\/v2\/users\/8"}],"replies":[{"embeddable":true,"href":"https:\/\/anprotec.org.br\/site\/wp-json\/wp\/v2\/comments?post=8330"}],"version-history":[{"count":2,"href":"https:\/\/anprotec.org.br\/site\/wp-json\/wp\/v2\/posts\/8330\/revisions"}],"predecessor-version":[{"id":8333,"href":"https:\/\/anprotec.org.br\/site\/wp-json\/wp\/v2\/posts\/8330\/revisions\/8333"}],"wp:featuredmedia":[{"embeddable":true,"href":"https:\/\/anprotec.org.br\/site\/wp-json\/wp\/v2\/media\/8331"}],"wp:attachment":[{"href":"https:\/\/anprotec.org.br\/site\/wp-json\/wp\/v2\/media?parent=8330"}],"wp:term":[{"taxonomy":"category","embeddable":true,"href":"https:\/\/anprotec.org.br\/site\/wp-json\/wp\/v2\/categories?post=8330"},{"taxonomy":"post_tag","embeddable":true,"href":"https:\/\/anprotec.org.br\/site\/wp-json\/wp\/v2\/tags?post=8330"},{"taxonomy":"calendar","embeddable":true,"href":"https:\/\/anprotec.org.br\/site\/wp-json\/wp\/v2\/calendar?post=8330"}],"curies":[{"name":"wp","href":"https:\/\/api.w.org\/{rel}","templated":true}]}}