{"id":8326,"date":"2014-10-20T09:11:09","date_gmt":"2014-10-20T12:11:09","guid":{"rendered":"http:\/\/anprotec.org.br\/site\/?p=8326"},"modified":"2014-10-20T09:11:10","modified_gmt":"2014-10-20T12:11:10","slug":"mpes-podem-aderir-ao-pronatec-aprendiz","status":"publish","type":"post","link":"https:\/\/anprotec.org.br\/site\/2014\/10\/mpes-podem-aderir-ao-pronatec-aprendiz\/","title":{"rendered":"MPE\u2019s podem aderir ao Pronatec Aprendiz"},"content":{"rendered":"<p style=\"text-align: justify\">\u00a0<img decoding=\"async\" loading=\"lazy\" class=\"alignleft size-medium wp-image-8327\" alt=\"jovem\" src=\"https:\/\/anprotec.org.br\/site\/wp-content\/uploads\/2014\/10\/jovem-300x200.jpg\" width=\"300\" height=\"200\" srcset=\"https:\/\/anprotec.org.br\/site\/wp-content\/uploads\/2014\/10\/jovem-300x200.jpg 300w, https:\/\/anprotec.org.br\/site\/wp-content\/uploads\/2014\/10\/jovem-1024x683.jpg 1024w, https:\/\/anprotec.org.br\/site\/wp-content\/uploads\/2014\/10\/jovem.jpg 2048w\" sizes=\"(max-width: 300px) 100vw, 300px\" \/>Est\u00e1 aberto o processo de ades\u00e3o de micro e pequenas empresas ao Pronatec Aprendiz (Programa Nacional de Acesso ao Ensino T\u00e9cnico e Emprego), destinado \u00e0 inclus\u00e3o de jovens no mercado de trabalho.\u00a0 As MPE\u2019s precisam ter pelo menos um funcion\u00e1rio e devem se inscrever no site Mais Emprego, do Minist\u00e9rio do Trabalho.<\/p>\n<p style=\"text-align: justify\"><span style=\"line-height: 1.5em\">Antes de ofertar a vaga, a empresa precisa verificar se h\u00e1 previs\u00e3o de curso Pronatec Aprendiz no seu munic\u00edpio. Nessa primeira etapa, h\u00e1 vagas em 16 unidades da federa\u00e7\u00e3o, com in\u00edcio dos cursos previstos ainda em 2014. As vagas incluem as \u00e1reas de inform\u00e1tica, opera\u00e7\u00e3o de loja e varejo, servi\u00e7os administrativos e alimenta\u00e7\u00e3o, entre outras.<\/span><\/p>\n<p style=\"text-align: justify\"><span style=\"line-height: 1.5em\">Os encargos de contrata\u00e7\u00e3o s\u00e3o reduzidos: 2% de FGTS (normalmente, s\u00e3o cobrados 8%), sem indeniza\u00e7\u00e3o por rescis\u00e3o do contrato. Al\u00e9m disso, o curso de forma\u00e7\u00e3o do jovem contratado ser\u00e1 pago pelo Minist\u00e9rio da Educa\u00e7\u00e3o (MEC), ao contr\u00e1rio do que acontece em m\u00e9dias e grandes empresas, que arcam com esse custo. A remunera\u00e7\u00e3o \u00e9 de um sal\u00e1rio m\u00ednimo-hora, variando de acordo com a jornada de trabalho, de 4 a 6 horas.\u00a0<\/span><\/p>\n<p style=\"text-align: justify\"><span style=\"line-height: 1.5em\">O tempo m\u00e1ximo de dura\u00e7\u00e3o do contrato como\u00a0aprendiz\u00a0\u00e9 de dois anos, sendo necess\u00e1rio estabelecer v\u00ednculo empregat\u00edcio, com anota\u00e7\u00e3o na Carteira de Trabalho e Previd\u00eancia Social. Ao fim do programa, o jovem recebe certifica\u00e7\u00e3o t\u00e9cnica pelo MEC e pode ser efetivado na empresa.<\/span><\/p>\n<p style=\"text-align: justify\"><span style=\"line-height: 1.5em\">Mais informa\u00e7\u00f5es, com o Minist\u00e9rio do Trabalho e Emprego, no seguintes telefones: (061) 2031-6929 \/ 2031-6553 \/ 2031-6983 \/\u00a02031-6244 ou pelo email\u00a0 <\/span><a style=\"line-height: 1.5em\" href=\"mailto:aprendizagem.sppe@mte.gov.br\">aprendizagem.sppe@mte.gov.br<\/a><\/p>\n<p style=\"text-align: justify\">* Com informa\u00e7\u00f5es do MTE<br \/>\n* Foto: Shutterstock<\/p>\n<p align=\"center\">\n","protected":false},"excerpt":{"rendered":"<p><!--:pt-->H\u00e1 vagas em 16 estados, destinadas para \u00e1reas de inform\u00e1tica, opera\u00e7\u00e3o de loja e varejo, servi\u00e7os administrativos e alimenta\u00e7\u00e3o. Encargos s\u00e3o reduzidos, sem indeniza\u00e7\u00e3o por rescis\u00e3o do contrato. <!--:--><\/p>\n","protected":false},"author":8,"featured_media":8327,"comment_status":"open","ping_status":"open","sticky":false,"template":"","format":"standard","meta":{"footnotes":"","_links_to":"","_links_to_target":""},"categories":[3],"tags":[],"calendar":[],"_links":{"self":[{"href":"https:\/\/anprotec.org.br\/site\/wp-json\/wp\/v2\/posts\/8326"}],"collection":[{"href":"https:\/\/anprotec.org.br\/site\/wp-json\/wp\/v2\/posts"}],"about":[{"href":"https:\/\/anprotec.org.br\/site\/wp-json\/wp\/v2\/types\/post"}],"author":[{"embeddable":true,"href":"https:\/\/anprotec.org.br\/site\/wp-json\/wp\/v2\/users\/8"}],"replies":[{"embeddable":true,"href":"https:\/\/anprotec.org.br\/site\/wp-json\/wp\/v2\/comments?post=8326"}],"version-history":[{"count":2,"href":"https:\/\/anprotec.org.br\/site\/wp-json\/wp\/v2\/posts\/8326\/revisions"}],"predecessor-version":[{"id":8329,"href":"https:\/\/anprotec.org.br\/site\/wp-json\/wp\/v2\/posts\/8326\/revisions\/8329"}],"wp:featuredmedia":[{"embeddable":true,"href":"https:\/\/anprotec.org.br\/site\/wp-json\/wp\/v2\/media\/8327"}],"wp:attachment":[{"href":"https:\/\/anprotec.org.br\/site\/wp-json\/wp\/v2\/media?parent=8326"}],"wp:term":[{"taxonomy":"category","embeddable":true,"href":"https:\/\/anprotec.org.br\/site\/wp-json\/wp\/v2\/categories?post=8326"},{"taxonomy":"post_tag","embeddable":true,"href":"https:\/\/anprotec.org.br\/site\/wp-json\/wp\/v2\/tags?post=8326"},{"taxonomy":"calendar","embeddable":true,"href":"https:\/\/anprotec.org.br\/site\/wp-json\/wp\/v2\/calendar?post=8326"}],"curies":[{"name":"wp","href":"https:\/\/api.w.org\/{rel}","templated":true}]}}