{"id":8318,"date":"2014-10-17T10:05:03","date_gmt":"2014-10-17T13:05:03","guid":{"rendered":"http:\/\/anprotec.org.br\/site\/?p=8318"},"modified":"2014-11-07T08:37:35","modified_gmt":"2014-11-07T11:37:35","slug":"incubadora-do-centev-lanca-novos-editais","status":"publish","type":"post","link":"https:\/\/anprotec.org.br\/site\/2014\/10\/incubadora-do-centev-lanca-novos-editais\/","title":{"rendered":"Incubadora do CenTev lan\u00e7a novos editais"},"content":{"rendered":"<p style=\"text-align: justify\"><img decoding=\"async\" loading=\"lazy\" class=\"alignleft size-medium wp-image-1253\" alt=\"incubadora_centev._2jpg\" src=\"https:\/\/anprotec.org.br\/site\/wp-content\/uploads\/2013\/01\/incubadora_centev._2jpg-300x198.jpg\" width=\"300\" height=\"198\" srcset=\"https:\/\/anprotec.org.br\/site\/wp-content\/uploads\/2013\/01\/incubadora_centev._2jpg-300x198.jpg 300w, https:\/\/anprotec.org.br\/site\/wp-content\/uploads\/2013\/01\/incubadora_centev._2jpg.jpg 560w\" sizes=\"(max-width: 300px) 100vw, 300px\" \/>A\u00a0<a href=\"http:\/\/www.centev.ufv.br\/incubadora\/interna.php?area=edital_pre_incubacao&amp;idIdioma=1&amp;sis=2\" target=\"_blank\">Incubadora de Empresas de Base Tecnol\u00f3gica Centev\/UFV (IEBT)<\/a> lan\u00e7ou edital para sele\u00e7\u00e3o de novos empreendimentos para os Programas de\u00a0<a href=\"http:\/\/www.centev.ufv.br\/incubadora\/interna.php?area=edital_pre_incubacao&amp;idIdioma=1&amp;sis=2\" target=\"_blank\">Pr\u00e9-Incuba\u00e7\u00e3o\u00a0<\/a>e <a href=\"http:\/\/www.centev.ufv.br\/incubadora\/interna.php?area=edital_incubacao&amp;idIdioma=1&amp;sis=2\" target=\"_blank\">Incuba\u00e7\u00e3o\u00a0<\/a>de empresas.<\/p>\n<p style=\"text-align: justify\"><span style=\"line-height: 1.5em\">O prazo para as inscri\u00e7\u00f5es no Programa de Pr\u00e9-incuba\u00e7\u00e3o encerra no dia 16 de novembro de 2014, \u00e0s 23h59min, hor\u00e1rio de Bras\u00edlia. O edital de Incuba\u00e7\u00e3o \u00e9 de fluxo cont\u00ednuo, e entrar\u00e1 em vigor na data prevista no cronograma (Anexo I) do Edital. A submiss\u00e3o das propostas ser\u00e3o feitas por meio do site <a href=\"http:\/\/www.centev.gestaotecnologia.com.br\/inscricao\" target=\"_blank\">www.centev.gestaotecnologia.com.br\/inscricao<\/a>.<\/span><\/p>\n<p style=\"text-align: justify\">Podem participar do edital, empreendedores oriundos da iniciativa privada, servidores p\u00fablicos, docentes e\/ou pesquisadores inativos, alunos de gradua\u00e7\u00e3o e de p\u00f3s-gradua\u00e7\u00e3o da UFV ou de outras institui\u00e7\u00f5es de ensino e pesquisa. A participa\u00e7\u00e3o de docentes e\/ou servidores ativos \u00e9 poss\u00edvel tamb\u00e9m, desde que atenda aos dispositivos da Lei da Inova\u00e7\u00e3o. Ser\u00e3o considerados crit\u00e9rios como o grau de inova\u00e7\u00e3o do neg\u00f3cio, a viabilidade t\u00e9cnica, econ\u00f4mica e de mercado, o potencial de impacto na economia local e a capacidade t\u00e9cnica e gerencial dos empreendedores.<\/p>\n<p style=\"text-align: justify\">O\u00a0<a href=\"http:\/\/www.centev.ufv.br\/incubadora\/interna.php?area=edital_pre_incubacao&amp;idIdioma=1&amp;sis=2\" target=\"_blank\">Programa de Pr\u00e9-incuba\u00e7\u00e3o<\/a>\u00a0tem por objetivo apoiar e preparar os empreendedores de projetos que tenham potencial de neg\u00f3cio na fase que antecede a cria\u00e7\u00e3o da empresa. O programa \u00e9 de suma import\u00e2ncia no que se refere ao processo de est\u00edmulo ao empreendedorismo e \u00e0 inova\u00e7\u00e3o tecnol\u00f3gica, e consequentemente na cria\u00e7\u00e3o e consolida\u00e7\u00e3o de empresas inovadoras capazes de fomentar a economia do conhecimento na regi\u00e3o de Vi\u00e7osa.<\/p>\n<p style=\"text-align: justify\">J\u00e1 o\u00a0<a href=\"http:\/\/www.centev.ufv.br\/incubadora\/interna.php?area=edital_incubacao&amp;idIdioma=1&amp;sis=2\" target=\"_blank\">Programa de Incuba\u00e7\u00e3o,<\/a>\u00a0que visa o fortalecimento das empresas nascentes de base tecnol\u00f3gica, com \u00eanfase na capacita\u00e7\u00e3o gerencial do empreendedor e no apoio para o desenvolvimento do neg\u00f3cio, oferece \u00e0s empresas incubadas infraestrutura compartilhada, assessorias gerenciais e t\u00e9cnicas, bem como mecanismos de apoio \u00e0 inova\u00e7\u00e3o e coopera\u00e7\u00e3o tecnol\u00f3gica, al\u00e9m de capacitar os empreendedores para utiliza\u00e7\u00e3o das tecnologias de gest\u00e3o com foco em aumentar a competitividade de seus neg\u00f3cios e adotar novos processos de tomada de decis\u00e3o.<\/p>\n<p style=\"text-align: justify\"><a href=\"http:\/\/www.centev.ufv.br\/interna.php?area=editais&amp;idIdioma=1&amp;sis=1\" target=\"_blank\">Acesse os editais e inscreva-se<\/a>.<\/p>\n<p style=\"text-align: justify\">Mais informa\u00e7\u00f5es no\u00a0<a href=\"http:\/\/www.centev.ufv.br\/incubadora\/\" target=\"_blank\">site da Incubadora<\/a>\u00a0ou pelo telefone (31) 3899-2602.<\/p>\n<p style=\"text-align: justify\">*Com informa\u00e7\u00f5es do CenTev.<\/p>\n","protected":false},"excerpt":{"rendered":"<p><!--:pt-->Ser\u00e3o selecionadas propostas de empreendimentos inovadores para os programas de pr\u00e9-incuba\u00e7\u00e3o, com inscri\u00e7\u00f5es at\u00e9 16 de novembro, e de incuba\u00e7\u00e3o, com fluxo cont\u00ednuo. <!--:--><\/p>\n","protected":false},"author":8,"featured_media":1253,"comment_status":"open","ping_status":"open","sticky":false,"template":"","format":"standard","meta":{"footnotes":"","_links_to":"","_links_to_target":""},"categories":[3],"tags":[],"calendar":[],"_links":{"self":[{"href":"https:\/\/anprotec.org.br\/site\/wp-json\/wp\/v2\/posts\/8318"}],"collection":[{"href":"https:\/\/anprotec.org.br\/site\/wp-json\/wp\/v2\/posts"}],"about":[{"href":"https:\/\/anprotec.org.br\/site\/wp-json\/wp\/v2\/types\/post"}],"author":[{"embeddable":true,"href":"https:\/\/anprotec.org.br\/site\/wp-json\/wp\/v2\/users\/8"}],"replies":[{"embeddable":true,"href":"https:\/\/anprotec.org.br\/site\/wp-json\/wp\/v2\/comments?post=8318"}],"version-history":[{"count":3,"href":"https:\/\/anprotec.org.br\/site\/wp-json\/wp\/v2\/posts\/8318\/revisions"}],"predecessor-version":[{"id":8320,"href":"https:\/\/anprotec.org.br\/site\/wp-json\/wp\/v2\/posts\/8318\/revisions\/8320"}],"wp:featuredmedia":[{"embeddable":true,"href":"https:\/\/anprotec.org.br\/site\/wp-json\/wp\/v2\/media\/1253"}],"wp:attachment":[{"href":"https:\/\/anprotec.org.br\/site\/wp-json\/wp\/v2\/media?parent=8318"}],"wp:term":[{"taxonomy":"category","embeddable":true,"href":"https:\/\/anprotec.org.br\/site\/wp-json\/wp\/v2\/categories?post=8318"},{"taxonomy":"post_tag","embeddable":true,"href":"https:\/\/anprotec.org.br\/site\/wp-json\/wp\/v2\/tags?post=8318"},{"taxonomy":"calendar","embeddable":true,"href":"https:\/\/anprotec.org.br\/site\/wp-json\/wp\/v2\/calendar?post=8318"}],"curies":[{"name":"wp","href":"https:\/\/api.w.org\/{rel}","templated":true}]}}