{"id":8314,"date":"2014-10-17T09:56:17","date_gmt":"2014-10-17T12:56:17","guid":{"rendered":"http:\/\/anprotec.org.br\/site\/?p=8314"},"modified":"2014-10-17T09:56:17","modified_gmt":"2014-10-17T12:56:17","slug":"intec-promove-workshop-de-25-anos","status":"publish","type":"post","link":"https:\/\/anprotec.org.br\/site\/2014\/10\/intec-promove-workshop-de-25-anos\/","title":{"rendered":"Intec promove workshop de 25 anos"},"content":{"rendered":"<p style=\"text-align: justify\"><img decoding=\"async\" loading=\"lazy\" class=\"alignleft size-medium wp-image-8315\" alt=\"intec-tecpar\" src=\"https:\/\/anprotec.org.br\/site\/wp-content\/uploads\/2014\/10\/intec-tecpar-300x197.jpg\" width=\"300\" height=\"197\" srcset=\"https:\/\/anprotec.org.br\/site\/wp-content\/uploads\/2014\/10\/intec-tecpar-300x197.jpg 300w, https:\/\/anprotec.org.br\/site\/wp-content\/uploads\/2014\/10\/intec-tecpar.jpg 566w\" sizes=\"(max-width: 300px) 100vw, 300px\" \/>No dia 23 de outubro, a <a href=\"http:\/\/intec.tecpar.br\/s\/home\/\" target=\"_blank\">Incubadora Tecnol\u00f3gica (Intec)<\/a> do Instituto de Tecnologia do Paran\u00e1 (Tecpar), pioneira no estado do Paran\u00e1, comemorar\u00e1 seus 25 anos com o workshop <a href=\"http:\/\/intec.tecpar.br\/25anos\/\" target=\"_blank\">\u201cCen\u00e1rios Estrat\u00e9gicos de Empreendedorismo\u201d<\/a>, no Centro de Treinamento do Tecpar.<\/p>\n<p style=\"text-align: justify\">Al\u00e9m de palestras, debate e mesa redondas, haver\u00e1 o lan\u00e7amento do Caderno INTEC4, agregando os t\u00f3picos abordados nos eventos de 2013 e 2014, e o INTEC Meeting, fomentando um ambiente de intera\u00e7\u00e3o e promo\u00e7\u00e3o de neg\u00f3cios tecnol\u00f3gicos inovadores. O evento encerra uma agenda comemorativa ao anivers\u00e1rio da Intec, com outros tr\u00eas workshops realizados neste ano, para fomentar a discuss\u00e3o e a troca de experi\u00eancias, bem como a intera\u00e7\u00e3o entre as empresas, universidades, institutos de C&amp;T e a divulga\u00e7\u00e3o de conhecimento sobre empreendedorismo tecnol\u00f3gico inovador.<\/p>\n<p style=\"text-align: justify\">Para mais informa\u00e7\u00f5es, <a href=\"http:\/\/intec.tecpar.br\/25anos\/\" target=\"_blank\">clique aqui<\/a>.<\/p>\n","protected":false},"excerpt":{"rendered":"<p><!--:pt-->Evento no dia 23 de outubro encerra agenda comemorativa ao anivers\u00e1rio da primeira incubadora do Paran\u00e1, com lan\u00e7amento de cadernos sobre empreendedorismo e inova\u00e7\u00e3o. <!--:--><\/p>\n","protected":false},"author":8,"featured_media":8315,"comment_status":"open","ping_status":"open","sticky":false,"template":"","format":"standard","meta":{"footnotes":"","_links_to":"","_links_to_target":""},"categories":[3],"tags":[],"calendar":[],"_links":{"self":[{"href":"https:\/\/anprotec.org.br\/site\/wp-json\/wp\/v2\/posts\/8314"}],"collection":[{"href":"https:\/\/anprotec.org.br\/site\/wp-json\/wp\/v2\/posts"}],"about":[{"href":"https:\/\/anprotec.org.br\/site\/wp-json\/wp\/v2\/types\/post"}],"author":[{"embeddable":true,"href":"https:\/\/anprotec.org.br\/site\/wp-json\/wp\/v2\/users\/8"}],"replies":[{"embeddable":true,"href":"https:\/\/anprotec.org.br\/site\/wp-json\/wp\/v2\/comments?post=8314"}],"version-history":[{"count":2,"href":"https:\/\/anprotec.org.br\/site\/wp-json\/wp\/v2\/posts\/8314\/revisions"}],"predecessor-version":[{"id":8317,"href":"https:\/\/anprotec.org.br\/site\/wp-json\/wp\/v2\/posts\/8314\/revisions\/8317"}],"wp:featuredmedia":[{"embeddable":true,"href":"https:\/\/anprotec.org.br\/site\/wp-json\/wp\/v2\/media\/8315"}],"wp:attachment":[{"href":"https:\/\/anprotec.org.br\/site\/wp-json\/wp\/v2\/media?parent=8314"}],"wp:term":[{"taxonomy":"category","embeddable":true,"href":"https:\/\/anprotec.org.br\/site\/wp-json\/wp\/v2\/categories?post=8314"},{"taxonomy":"post_tag","embeddable":true,"href":"https:\/\/anprotec.org.br\/site\/wp-json\/wp\/v2\/tags?post=8314"},{"taxonomy":"calendar","embeddable":true,"href":"https:\/\/anprotec.org.br\/site\/wp-json\/wp\/v2\/calendar?post=8314"}],"curies":[{"name":"wp","href":"https:\/\/api.w.org\/{rel}","templated":true}]}}