{"id":8275,"date":"2014-10-14T11:26:15","date_gmt":"2014-10-14T14:26:15","guid":{"rendered":"http:\/\/anprotec.org.br\/site\/?p=8275"},"modified":"2014-10-14T11:26:15","modified_gmt":"2014-10-14T14:26:15","slug":"incubadora-do-ifrn-seleciona-empreendimentos","status":"publish","type":"post","link":"https:\/\/anprotec.org.br\/site\/2014\/10\/incubadora-do-ifrn-seleciona-empreendimentos\/","title":{"rendered":"Incubadora do IFRN seleciona empreendimentos"},"content":{"rendered":"<p><img decoding=\"async\" loading=\"lazy\" class=\"alignleft size-medium wp-image-3534\" alt=\"jovem-empreendedor2\" src=\"https:\/\/anprotec.org.br\/site\/wp-content\/uploads\/2013\/08\/jovem-empreendedor2-300x202.jpg\" width=\"300\" height=\"202\" srcset=\"https:\/\/anprotec.org.br\/site\/wp-content\/uploads\/2013\/08\/jovem-empreendedor2-300x202.jpg 300w, https:\/\/anprotec.org.br\/site\/wp-content\/uploads\/2013\/08\/jovem-empreendedor2.jpg 900w\" sizes=\"(max-width: 300px) 100vw, 300px\" \/>A Incubadora Tecnol\u00f3gica Natal-Central (ITNC) do IFRN abriu as inscri\u00e7\u00f5es para a sele\u00e7\u00e3o de ideias empreendedoras e micro e pequenas empresas (MPEs) Inovadoras. Com o objetivo de prospectar, capacitar e selecionar empresas e empreendedores que apresentem produtos, processos ou servi\u00e7os inovadores com diferenciais de mercado para integrarem o processo de incuba\u00e7\u00e3o, a ITNC oferece duas vagas para a modalidade de empresas residentes. Os dois empreendimentos a serem incubados devem estar legalmente registradas como Empreendedores Individuais, Micro ou Pequena Empresa (MPE) ou empreendimentos cooperados\/associados.<\/p>\n<p>Al\u00e9m disso, dever\u00e3o ter os seus planos de neg\u00f3cios aprovados conforme os crit\u00e9rios estabelecidos no Edital 02\/2014, tendo em vista o desenvolvimento de atividades empresariais que apresentem diferenciais competitivos e inovadores, prioritariamente, nas seguintes \u00e1reas: ambiental, com\u00e9rcio eletr\u00f4nico, desenvolvimento de softwares, design, edifica\u00e7\u00f5es, eletroeletr\u00f4nica, mecatr\u00f4nica, geologia, mec\u00e2nica, minera\u00e7\u00e3o, suporte a redes de computadores.<\/p>\n<p><span style=\"line-height: 1.5em\">As inscri\u00e7\u00f5es podem ser realizadas at\u00e9 o dia 3 de novembro, por meio do preenchimento do formul\u00e1rio de \u00a0inscri\u00e7\u00e3o online e do Plano Descritivo dispon\u00edveis no <a href=\"http:\/\/www2.ifrn.edu.br\/itnc\/novo\/edital-de-selecao-no-022014\/\" target=\"_blank\">site da incubadora<\/a>.<\/span><\/p>\n<p><span style=\"line-height: 1.5em\">O processo de sele\u00e7\u00e3o \u00e9 constitu\u00eddo por tr\u00eas fases. A primeira fase \u00e9 a submiss\u00e3o e triagem das propostas e envio de documenta\u00e7\u00e3o; na segunda fase as empresas candidatas participar\u00e3o de Oficina de Business Model Canvas; e, por fim, a terceiro fase ser\u00e1 a apresenta\u00e7\u00e3o oral do Modelo de Neg\u00f3cio e de evid\u00eancias comprobat\u00f3rias ao Comit\u00ea de Sele\u00e7\u00e3o (banca).\u00a0<\/span><\/p>\n<p><b style=\"line-height: 1.5em\">Cronograma<br \/>\n<\/b><span style=\"line-height: 1.5em\">Per\u00edodo de inscri\u00e7\u00e3o 01\/10 a 03\/11<br \/>\n<\/span>Divulga\u00e7\u00e3o do resultado final da 1\u00aa fase 05\/11<br \/>\nParticipa\u00e7\u00e3o em Oficina Business Model Canvas (2\u00aa fase) 10 a 13\/11<br \/>\nEntrega da proposta de Modelo de Neg\u00f3cios e das evid\u00eancias geradas 14\/11<br \/>\nDivulga\u00e7\u00e3o da agenda para banca de avalia\u00e7\u00e3o 17\/11<br \/>\nBanca de avalia\u00e7\u00e3o (3\u00aa fase) 19 e 20\/11<br \/>\nDivulga\u00e7\u00e3o do resultado preliminar da banca de avalia\u00e7\u00e3o 25\/11<br \/>\nPer\u00edodo para recurso 26\/11<br \/>\nPublica\u00e7\u00e3o do resultado final 28\/11<\/p>\n<p><span style=\"line-height: 1.5em\">Acesse o <\/span><a style=\"line-height: 1.5em\" href=\"http:\/\/www2.ifrn.edu.br\/itnc\/novo\/wp-content\/uploads\/2014\/10\/Edital_02-2014_-_ITNC_SELE\u00c7\u00c3O_EMPRESAS.pdf\" target=\"_blank\">edital<\/a><span style=\"line-height: 1.5em\">.\u00a0<\/span><\/p>\n<p>* Com informa\u00e7\u00f5es da ITNC<\/p>\n","protected":false},"excerpt":{"rendered":"<p><!--:pt-->Edital da Incubadora Tecnol\u00f3gica Natal-Central oferece duas vagas para a modalidade de empresas residentes, em setores diversos. As inscri\u00e7\u00f5es v\u00e3o at\u00e9 03 de novembro. <!--:--><\/p>\n","protected":false},"author":8,"featured_media":3534,"comment_status":"open","ping_status":"open","sticky":false,"template":"","format":"standard","meta":{"footnotes":"","_links_to":"","_links_to_target":""},"categories":[3],"tags":[],"calendar":[],"_links":{"self":[{"href":"https:\/\/anprotec.org.br\/site\/wp-json\/wp\/v2\/posts\/8275"}],"collection":[{"href":"https:\/\/anprotec.org.br\/site\/wp-json\/wp\/v2\/posts"}],"about":[{"href":"https:\/\/anprotec.org.br\/site\/wp-json\/wp\/v2\/types\/post"}],"author":[{"embeddable":true,"href":"https:\/\/anprotec.org.br\/site\/wp-json\/wp\/v2\/users\/8"}],"replies":[{"embeddable":true,"href":"https:\/\/anprotec.org.br\/site\/wp-json\/wp\/v2\/comments?post=8275"}],"version-history":[{"count":2,"href":"https:\/\/anprotec.org.br\/site\/wp-json\/wp\/v2\/posts\/8275\/revisions"}],"predecessor-version":[{"id":8277,"href":"https:\/\/anprotec.org.br\/site\/wp-json\/wp\/v2\/posts\/8275\/revisions\/8277"}],"wp:featuredmedia":[{"embeddable":true,"href":"https:\/\/anprotec.org.br\/site\/wp-json\/wp\/v2\/media\/3534"}],"wp:attachment":[{"href":"https:\/\/anprotec.org.br\/site\/wp-json\/wp\/v2\/media?parent=8275"}],"wp:term":[{"taxonomy":"category","embeddable":true,"href":"https:\/\/anprotec.org.br\/site\/wp-json\/wp\/v2\/categories?post=8275"},{"taxonomy":"post_tag","embeddable":true,"href":"https:\/\/anprotec.org.br\/site\/wp-json\/wp\/v2\/tags?post=8275"},{"taxonomy":"calendar","embeddable":true,"href":"https:\/\/anprotec.org.br\/site\/wp-json\/wp\/v2\/calendar?post=8275"}],"curies":[{"name":"wp","href":"https:\/\/api.w.org\/{rel}","templated":true}]}}