{"id":816,"date":"2012-11-12T10:26:18","date_gmt":"2012-11-12T13:26:18","guid":{"rendered":"http:\/\/anprotec.org.br\/site\/?p=816"},"modified":"2012-11-12T10:27:05","modified_gmt":"2012-11-12T13:27:05","slug":"apex-e-fiec-realizam-oficinas-de-competitividade","status":"publish","type":"post","link":"https:\/\/anprotec.org.br\/site\/2012\/11\/apex-e-fiec-realizam-oficinas-de-competitividade\/","title":{"rendered":"Apex e FIEC realizam oficinas de competitividade"},"content":{"rendered":"<p style=\"text-align: justify;\"><a href=\"https:\/\/anprotec.org.br\/site\/2012\/11\/apex-e-fiec-realizam-oficinas-de-competitividade\/competitividade\/\" rel=\"attachment wp-att-817\"><img decoding=\"async\" loading=\"lazy\" class=\"alignleft size-full wp-image-817\" title=\"competitividade\" src=\"https:\/\/anprotec.org.br\/site\/wp-content\/uploads\/2012\/11\/competitividade.jpg\" alt=\"\" width=\"270\" height=\"160\" \/><\/a>A Ag\u00eancia Brasileira de Promo\u00e7\u00e3o de Exporta\u00e7\u00f5es e Investimentos (Apex), em parceria com a Federa\u00e7\u00e3o das Ind\u00fastrias do Estado do Cear\u00e1 (FIEC), promover\u00e1 o projeto Oficinas de Competitividade, no dia 22 de novembro, em Fortaleza. Com o objetivo de capacitar empresas brasileiras para consolidar seu processo de internacionaliza\u00e7\u00e3o e conquistar novos mercados, o tema da oficina ser\u00e1 \u201cacesso a linhas de cr\u00e9dito e financiamento \u00e0s exporta\u00e7\u00f5es\u201d.<\/p>\n<p style=\"text-align: justify;\">Empresas n\u00e3o exportadoras, iniciantes ou intermedi\u00e1rias do Cear\u00e1 que tiverem interesse, podem se inscrever pelo <a href=\"http:\/\/www.apexbrasil.com.br\/portal\/\">site da Apex Brasil<\/a>. A oficina ser\u00e1 realizada na Casa da Ind\u00fastria, sede da FIEC, das 8h \u00e0s 17.<\/p>\n<p style=\"text-align: justify;\">Para mais informa\u00e7\u00f5es: unidadeapex@sfiec.org.br ou (85) 3421 5417.<\/p>\n<p>&nbsp;<\/p>\n","protected":false},"excerpt":{"rendered":"<p>As oficinas acontecer\u00e3o em 22 de novembro, em Fortaleza (CE), com o tema \u201cacesso a linhas de cr\u00e9dito e financiamento \u00e0s exporta\u00e7\u00f5es\u201d.<\/p>\n","protected":false},"author":8,"featured_media":817,"comment_status":"open","ping_status":"open","sticky":false,"template":"","format":"standard","meta":{"footnotes":"","_links_to":"","_links_to_target":""},"categories":[3],"tags":[],"calendar":[],"_links":{"self":[{"href":"https:\/\/anprotec.org.br\/site\/wp-json\/wp\/v2\/posts\/816"}],"collection":[{"href":"https:\/\/anprotec.org.br\/site\/wp-json\/wp\/v2\/posts"}],"about":[{"href":"https:\/\/anprotec.org.br\/site\/wp-json\/wp\/v2\/types\/post"}],"author":[{"embeddable":true,"href":"https:\/\/anprotec.org.br\/site\/wp-json\/wp\/v2\/users\/8"}],"replies":[{"embeddable":true,"href":"https:\/\/anprotec.org.br\/site\/wp-json\/wp\/v2\/comments?post=816"}],"version-history":[{"count":3,"href":"https:\/\/anprotec.org.br\/site\/wp-json\/wp\/v2\/posts\/816\/revisions"}],"predecessor-version":[{"id":820,"href":"https:\/\/anprotec.org.br\/site\/wp-json\/wp\/v2\/posts\/816\/revisions\/820"}],"wp:featuredmedia":[{"embeddable":true,"href":"https:\/\/anprotec.org.br\/site\/wp-json\/wp\/v2\/media\/817"}],"wp:attachment":[{"href":"https:\/\/anprotec.org.br\/site\/wp-json\/wp\/v2\/media?parent=816"}],"wp:term":[{"taxonomy":"category","embeddable":true,"href":"https:\/\/anprotec.org.br\/site\/wp-json\/wp\/v2\/categories?post=816"},{"taxonomy":"post_tag","embeddable":true,"href":"https:\/\/anprotec.org.br\/site\/wp-json\/wp\/v2\/tags?post=816"},{"taxonomy":"calendar","embeddable":true,"href":"https:\/\/anprotec.org.br\/site\/wp-json\/wp\/v2\/calendar?post=816"}],"curies":[{"name":"wp","href":"https:\/\/api.w.org\/{rel}","templated":true}]}}