{"id":811,"date":"2012-11-12T10:14:31","date_gmt":"2012-11-12T13:14:31","guid":{"rendered":"http:\/\/anprotec.org.br\/site\/?p=811"},"modified":"2012-11-12T10:14:32","modified_gmt":"2012-11-12T13:14:32","slug":"ii-congresso-de-prospeccao-tecnologica","status":"publish","type":"post","link":"https:\/\/anprotec.org.br\/site\/2012\/11\/ii-congresso-de-prospeccao-tecnologica\/","title":{"rendered":"II Congresso de Prospec\u00e7\u00e3o Tecnol\u00f3gica"},"content":{"rendered":"<p style=\"text-align: justify;\"><a href=\"https:\/\/anprotec.org.br\/site\/2012\/11\/ii-congresso-de-prospeccao-tecnologica\/rede\/\" rel=\"attachment wp-att-812\"><img decoding=\"async\" loading=\"lazy\" class=\"alignleft size-full wp-image-812\" title=\"rede\" src=\"https:\/\/anprotec.org.br\/site\/wp-content\/uploads\/2012\/11\/rede.jpg\" alt=\"\" width=\"270\" height=\"160\" \/><\/a>A Rede do N\u00facleo de Inova\u00e7\u00e3o Tecnol\u00f3gica do Nordeste (NIT-NE) promover\u00e1, entre os dias 19 e 23 de novembro, o II Congresso de Prospec\u00e7\u00e3o Tecnol\u00f3gica. Com o objetivo de levar a p\u00fablico o portf\u00f3lio de propriedade intelectual da Rede, o Congresso, que ser\u00e1 realizado no Hotel Fiesta, em Salvador, ter\u00e1 rodadas de negocia\u00e7\u00e3o, treinamentos e oficinas, palestras e mesas redondas, com foco em ci\u00eancia, tecnologia e inova\u00e7\u00e3o.<\/p>\n<p style=\"text-align: justify;\">S\u00e3o aproximadamente 500 patentes de inven\u00e7\u00e3o, patentes modelo de utilidade, softwares, desenhos industriais, cultivares, que est\u00e3o organizadas em setores industriais para facilitar a consulta do investidor. O Congresso est\u00e1 sendo organizado em associa\u00e7\u00e3o com a Rede Nordeste de Biotecnologia (Renorbio) e as inscri\u00e7\u00f5es devem ser realizadas at\u00e9 o dia 22 de novembro, pelo site <a href=\"http:\/\/www.redenit-ne.net\/\">www.redenit-ne.net<\/a>.<\/p>\n<p style=\"text-align: justify;\">\n<p style=\"text-align: justify;\"><strong>Rodadas<\/strong><\/p>\n<p style=\"text-align: justify;\">As rodadas de negocia\u00e7\u00f5es, que ocorrer\u00e3o nos dias 22 e 23, ser\u00e3o pequenas reuni\u00f5es para que os interessados definam como colocar\u00e3o produtos e servi\u00e7os no mercado, de modo a garantir a propriedade intelectual dos criadores. Todas as rodadas do Congresso contar\u00e3o com um negociador treinado pela Organiza\u00e7\u00e3o Mundial de Propriedade Intelectual (OMPI \/ WIPO) e pelo Instituto nacional de Propriedade Industrial (INPI) do Brasil.<\/p>\n<p style=\"text-align: justify;\">O portf\u00f3lio da Rede NIT-NE conta com patentes no setor de energia, bicombust\u00edveis, petr\u00f3leo e g\u00e1s, materiais para constru\u00e7\u00e3o, tecnologia da informa\u00e7\u00e3o e comunica\u00e7\u00e3o, sa\u00fade e agroneg\u00f3cio.<\/p>\n<p style=\"text-align: justify;\">Mais detalhes de cada patente podem ser obtidos no <a href=\"http:\/\/www.portaldainovacao.org\">Portal da Inova\u00e7\u00e3o da Rede NIT-NE<\/a>, em Produtos, na aba Propriedade Intelectual.<\/p>\n","protected":false},"excerpt":{"rendered":"<p>O evento, promovido pela Rede do N\u00facleo de Inova\u00e7\u00e3o Tecnol\u00f3gica do Nordeste (NIT-NE), acontece entre os dias 19 e 23 de novembro, em Salvador (BA)<\/p>\n","protected":false},"author":8,"featured_media":812,"comment_status":"open","ping_status":"open","sticky":false,"template":"","format":"standard","meta":{"footnotes":"","_links_to":"","_links_to_target":""},"categories":[3],"tags":[],"calendar":[],"_links":{"self":[{"href":"https:\/\/anprotec.org.br\/site\/wp-json\/wp\/v2\/posts\/811"}],"collection":[{"href":"https:\/\/anprotec.org.br\/site\/wp-json\/wp\/v2\/posts"}],"about":[{"href":"https:\/\/anprotec.org.br\/site\/wp-json\/wp\/v2\/types\/post"}],"author":[{"embeddable":true,"href":"https:\/\/anprotec.org.br\/site\/wp-json\/wp\/v2\/users\/8"}],"replies":[{"embeddable":true,"href":"https:\/\/anprotec.org.br\/site\/wp-json\/wp\/v2\/comments?post=811"}],"version-history":[{"count":3,"href":"https:\/\/anprotec.org.br\/site\/wp-json\/wp\/v2\/posts\/811\/revisions"}],"predecessor-version":[{"id":815,"href":"https:\/\/anprotec.org.br\/site\/wp-json\/wp\/v2\/posts\/811\/revisions\/815"}],"wp:featuredmedia":[{"embeddable":true,"href":"https:\/\/anprotec.org.br\/site\/wp-json\/wp\/v2\/media\/812"}],"wp:attachment":[{"href":"https:\/\/anprotec.org.br\/site\/wp-json\/wp\/v2\/media?parent=811"}],"wp:term":[{"taxonomy":"category","embeddable":true,"href":"https:\/\/anprotec.org.br\/site\/wp-json\/wp\/v2\/categories?post=811"},{"taxonomy":"post_tag","embeddable":true,"href":"https:\/\/anprotec.org.br\/site\/wp-json\/wp\/v2\/tags?post=811"},{"taxonomy":"calendar","embeddable":true,"href":"https:\/\/anprotec.org.br\/site\/wp-json\/wp\/v2\/calendar?post=811"}],"curies":[{"name":"wp","href":"https:\/\/api.w.org\/{rel}","templated":true}]}}