{"id":8094,"date":"2014-09-29T15:21:16","date_gmt":"2014-09-29T18:21:16","guid":{"rendered":"http:\/\/anprotec.org.br\/site\/?p=8094"},"modified":"2014-09-29T15:23:15","modified_gmt":"2014-09-29T18:23:15","slug":"start-up-brasil-lanca-novo-edital","status":"publish","type":"post","link":"https:\/\/anprotec.org.br\/site\/2014\/09\/start-up-brasil-lanca-novo-edital\/","title":{"rendered":"<!--:pt-->Start-Up Brasil lan\u00e7a novo edital <!--:-->"},"content":{"rendered":"<p><!--:pt--><\/p>\n<p style=\"text-align: justify\"><img decoding=\"async\" loading=\"lazy\" class=\"alignleft size-thumbnail wp-image-8095\" src=\"https:\/\/anprotec.org.br\/site\/wp-content\/uploads\/2014\/09\/startup-brasil-270x160.jpg\" alt=\"startup brasil\" width=\"270\" height=\"160\" \/>O programa Start-Up Brasil est\u00e1 com inscri\u00e7\u00f5es abertas, at\u00e9 24 de outubro, para a sele\u00e7\u00e3o de mais 50 empresas nascentes de base tecnol\u00f3gica para integrarem a turma 4 da iniciativa de acelera\u00e7\u00e3o. Cada startup apoiada recebe R$ 200 mil em bolsas.<\/p>\n<p style=\"text-align: justify\">Para concorrer a uma vaga na iniciativa, as empresas devem ter at\u00e9 quatro anos de constitui\u00e7\u00e3o e precisam desenvolver software, hardware e servi\u00e7os de tecnologia da informa\u00e7\u00e3o (TI), ou criar novas solu\u00e7\u00f5es que usem esses elementos em seu esfor\u00e7o de inova\u00e7\u00e3o.<\/p>\n<p style=\"text-align: justify\">As inscri\u00e7\u00f5es ocorrem por <a href=\"http:\/\/www.startupbrasil.org.br\/inscricoes-startups\/\" target=\"_blank\">edital<\/a>\u00a0e precisam atender aos crit\u00e9rios de elegibilidade do Conselho Nacional de Desenvolvimento Cient\u00edfico e Tecnol\u00f3gico (CNPq\/MCTI) para startups nacionais e da Ag\u00eancia Brasileira de Promo\u00e7\u00e3o de Exporta\u00e7\u00f5es e Investimentos (Apex-Brasil) para startups internacionais.<\/p>\n<p style=\"text-align: justify\">Entre as propostas enviadas, at\u00e9 25% das vagas ser\u00e3o destinadas a startups internacionais, que devem se mudar para o Brasil para receberem o apoio. Ap\u00f3s a divulga\u00e7\u00e3o das empresas nascentes selecionadas, cada uma tem 60 dias para negociar com at\u00e9 seis <a href=\"http:\/\/www.startupbrasil.org.br\/quem-aceleradoras\/\" target=\"_blank\">aceleradoras<\/a> das 12 qualificadas e fechar acordo com uma delas.<\/p>\n<p style=\"text-align: justify\">Firmado esse contrato, a startup passa a fazer parte do programa de acelera\u00e7\u00e3o, recebendo assim o apoio de R$ 200 mil em bolsas de pesquisa, desenvolvimento e inova\u00e7\u00e3o para empreendedores e atra\u00e7\u00e3o de recursos humanos.<\/p>\n<p style=\"text-align: justify\">Al\u00e9m dessas bolsas, o projeto contemplado recebe um aporte financeiro da aceleradora, de valor vari\u00e1vel, para inser\u00e7\u00e3o no mercado. Os benef\u00edcios incluem mentorias, coaching, treinamentos, assessoria jur\u00eddica e networking, entre outros.<\/p>\n<p style=\"text-align: justify\">\u00c9 poss\u00edvel saber mais acessando o <a href=\"http:\/\/www.startupbrasil.org.br\/\" target=\"_blank\">site da iniciativa<\/a> e seus perfis no <a href=\"https:\/\/www.facebook.com\/startupbr\" target=\"_blank\">Facebook<\/a> e no <a href=\"https:\/\/twitter.com\/startup_br\" target=\"_blank\">Twitter<\/a>. D\u00favidas podem ser enviadas a <a href=\"mailto:start_up_brasil@cnpq.br\">start_up_brasil@cnpq.br<\/a> ou <a href=\"mailto:info@startupbrasil.org.br\">info@startupbrasil.org.br<\/a>.<\/p>\n<p style=\"text-align: justify\"><strong>Edi\u00e7\u00f5es e rodadas<\/strong><\/p>\n<p style=\"text-align: justify\">O Programa Nacional de Acelera\u00e7\u00e3o de Startups (Start-Up Brasil) funciona por edi\u00e7\u00f5es, com dura\u00e7\u00e3o de um ano, e realiza duas chamadas p\u00fablicas \u2013 uma para qualificar e habilitar aceleradoras e outra para selecionar projetos startups, com duas rodadas semestrais.<\/p>\n<p style=\"text-align: justify\">Durante o ano, as startups selecionadas participam de eventos, recebem acompanhamento e t\u00eam a possibilidade de participar do Demo Day nacional ou internacional.<\/p>\n<p style=\"text-align: justify\">Trata-se de uma iniciativa do Minist\u00e9rio da Ci\u00eancia, Tecnologia e Inova\u00e7\u00e3o (MCTI) em parceria com aceleradoras, e integra o Programa Estrat\u00e9gico de Software e Servi\u00e7os de Tecnologia da Informa\u00e7\u00e3o (TI Maior). A a\u00e7\u00e3o tem a Softex como gestora operacional e a Apex- Brasil e o CNPq como parceiros.<\/p>\n<p style=\"text-align: justify\">* Com informa\u00e7\u00f5es do MCTI<\/p>\n<p><!--:--><\/p>\n","protected":false},"excerpt":{"rendered":"<p><!--:pt-->Em sua quarta rodada, o programa Start-Up Brasil seleciona empresas nascentes inovadoras de base tecnol\u00f3gica em diversos setores da economia. Inscri\u00e7\u00f5es v\u00e3o at\u00e9 24 de outubro.<!--:--><\/p>\n","protected":false},"author":8,"featured_media":8095,"comment_status":"open","ping_status":"open","sticky":false,"template":"","format":"standard","meta":{"footnotes":"","_links_to":"","_links_to_target":""},"categories":[3],"tags":[],"calendar":[],"_links":{"self":[{"href":"https:\/\/anprotec.org.br\/site\/wp-json\/wp\/v2\/posts\/8094"}],"collection":[{"href":"https:\/\/anprotec.org.br\/site\/wp-json\/wp\/v2\/posts"}],"about":[{"href":"https:\/\/anprotec.org.br\/site\/wp-json\/wp\/v2\/types\/post"}],"author":[{"embeddable":true,"href":"https:\/\/anprotec.org.br\/site\/wp-json\/wp\/v2\/users\/8"}],"replies":[{"embeddable":true,"href":"https:\/\/anprotec.org.br\/site\/wp-json\/wp\/v2\/comments?post=8094"}],"version-history":[{"count":2,"href":"https:\/\/anprotec.org.br\/site\/wp-json\/wp\/v2\/posts\/8094\/revisions"}],"predecessor-version":[{"id":8097,"href":"https:\/\/anprotec.org.br\/site\/wp-json\/wp\/v2\/posts\/8094\/revisions\/8097"}],"wp:featuredmedia":[{"embeddable":true,"href":"https:\/\/anprotec.org.br\/site\/wp-json\/wp\/v2\/media\/8095"}],"wp:attachment":[{"href":"https:\/\/anprotec.org.br\/site\/wp-json\/wp\/v2\/media?parent=8094"}],"wp:term":[{"taxonomy":"category","embeddable":true,"href":"https:\/\/anprotec.org.br\/site\/wp-json\/wp\/v2\/categories?post=8094"},{"taxonomy":"post_tag","embeddable":true,"href":"https:\/\/anprotec.org.br\/site\/wp-json\/wp\/v2\/tags?post=8094"},{"taxonomy":"calendar","embeddable":true,"href":"https:\/\/anprotec.org.br\/site\/wp-json\/wp\/v2\/calendar?post=8094"}],"curies":[{"name":"wp","href":"https:\/\/api.w.org\/{rel}","templated":true}]}}