{"id":8084,"date":"2014-09-26T13:54:04","date_gmt":"2014-09-26T16:54:04","guid":{"rendered":"http:\/\/anprotec.org.br\/site\/?p=8084"},"modified":"2014-09-26T13:54:48","modified_gmt":"2014-09-26T16:54:48","slug":"belem-encerra-com-sucesso-a-24a-edicao-do-evento","status":"publish","type":"post","link":"https:\/\/anprotec.org.br\/site\/2014\/09\/belem-encerra-com-sucesso-a-24a-edicao-do-evento\/","title":{"rendered":"<!--:pt-->Bel\u00e9m encerra com sucesso a 24\u00aa edi\u00e7\u00e3o do evento<!--:-->"},"content":{"rendered":"<p><!--:pt--><\/p>\n<p style=\"color: #353535;text-align: justify\"><img decoding=\"async\" loading=\"lazy\" class=\"alignleft size-thumbnail wp-image-8085\" src=\"https:\/\/anprotec.org.br\/site\/wp-content\/uploads\/2014\/09\/15353160422_4120216cab_z-300x216-270x160.jpg\" alt=\"15353160422_4120216cab_z-300x216\" width=\"270\" height=\"160\" \/>Depois de cinco dias de atividades, o XXIV Semin\u00e1rio Nacional de Parques Tecnol\u00f3gicos e Incubadoras de Empresas chegou ao fim, com dois marcos. Pela primeira vez na hist\u00f3ria dos eventos, estiveram presentes representantes de todas as unidades federativas do Brasil. Al\u00e9m disso, o p\u00fablico de 927 inscritos comprovou o crescimento do alcance do movimento do empreendedorismo inovador no pa\u00eds.<\/p>\n<p style=\"color: #353535;text-align: justify\">Com o tema \u201cFronteiras do empreendedorismo inovador: novas conex\u00f5es para resultados\u201d, a programa\u00e7\u00e3o incluiu sete minicursos, uma mesa redonda, cinco sess\u00f5es plen\u00e1rias e o F\u00f3rum Sebrae de Inova\u00e7\u00e3o. A aproxima\u00e7\u00e3o com parceiros tamb\u00e9m marcou a programa\u00e7\u00e3o, com a realiza\u00e7\u00e3o do F\u00f3rum Abvcap &amp; Anprotec e de diversas atividades relacionadas ao programa B.BICE+ \u2013 um projeto de coopera\u00e7\u00e3o t\u00e9cnica entre Brasil e pa\u00edses membros da Uni\u00e3o Europeia, capitaneado pela Anprotec no Brasil.<\/p>\n<p style=\"color: #353535;text-align: justify\">As sess\u00f5es interativas abriram espa\u00e7o para a troca de experi\u00eancias entre gestores de incubadoras, dirigentes de parques tecnol\u00f3gicos e empreendedores, com a apresenta\u00e7\u00e3o de artigos completos, curtos e boas pr\u00e1ticas de empresas aprovados na Chamada de Trabalhos. Ao todo, foram 73 trabalhos apresentados em 12 sess\u00f5es t\u00e9cnicas paralelas, uma pitch session e um f\u00f3rum interativo.<\/p>\n<p style=\"color: #353535;text-align: justify\">O XXII Workshop Anprotec antecedeu a abertura oficial do Semin\u00e1rio e contou com cerca de 300 participantes nas discuss\u00f5es sobre estrutura\u00e7\u00e3o e opera\u00e7\u00e3o de parques tecnol\u00f3gicos e\u00a0<em>cross-inovation<\/em>\u00a0para incubadoras.<\/p>\n<p style=\"color: #353535;text-align: justify\">Como acontece todos os anos, os associados da Anprotec se reuniram na Assembleia Geral Ordin\u00e1ria para discutir as a\u00e7\u00f5es que aconteceram durante o ano e definir as estrat\u00e9gias da Associa\u00e7\u00e3o.<\/p>\n<p style=\"color: #353535;text-align: justify\">A pr\u00f3xima edi\u00e7\u00e3o do evento ser\u00e1 realizada em Cuiab\u00e1 (MT).<\/p>\n<p style=\"color: #353535;text-align: justify\"><em>* Foto: Roberto Ribeiro. Confira a cobertura fotogr\u00e1fica completa\u00a0<a style=\"color: #ffb702\" href=\"https:\/\/www.flickr.com\/photos\/126759334@N04\/sets\/\" target=\"_blank\">aqui<\/a>.<\/em><\/p>\n<p><!--:--><\/p>\n","protected":false},"excerpt":{"rendered":"<p><!--:pt-->XXIV Semin\u00e1rio Nacional reuniu p\u00fablico recorde de 927 participantes e pela primeira vez contou com representantes das 27 unidades federativas brasileiras.<!--:--><\/p>\n","protected":false},"author":8,"featured_media":8085,"comment_status":"open","ping_status":"open","sticky":false,"template":"","format":"standard","meta":{"footnotes":"","_links_to":"","_links_to_target":""},"categories":[3],"tags":[],"calendar":[],"_links":{"self":[{"href":"https:\/\/anprotec.org.br\/site\/wp-json\/wp\/v2\/posts\/8084"}],"collection":[{"href":"https:\/\/anprotec.org.br\/site\/wp-json\/wp\/v2\/posts"}],"about":[{"href":"https:\/\/anprotec.org.br\/site\/wp-json\/wp\/v2\/types\/post"}],"author":[{"embeddable":true,"href":"https:\/\/anprotec.org.br\/site\/wp-json\/wp\/v2\/users\/8"}],"replies":[{"embeddable":true,"href":"https:\/\/anprotec.org.br\/site\/wp-json\/wp\/v2\/comments?post=8084"}],"version-history":[{"count":1,"href":"https:\/\/anprotec.org.br\/site\/wp-json\/wp\/v2\/posts\/8084\/revisions"}],"predecessor-version":[{"id":8086,"href":"https:\/\/anprotec.org.br\/site\/wp-json\/wp\/v2\/posts\/8084\/revisions\/8086"}],"wp:featuredmedia":[{"embeddable":true,"href":"https:\/\/anprotec.org.br\/site\/wp-json\/wp\/v2\/media\/8085"}],"wp:attachment":[{"href":"https:\/\/anprotec.org.br\/site\/wp-json\/wp\/v2\/media?parent=8084"}],"wp:term":[{"taxonomy":"category","embeddable":true,"href":"https:\/\/anprotec.org.br\/site\/wp-json\/wp\/v2\/categories?post=8084"},{"taxonomy":"post_tag","embeddable":true,"href":"https:\/\/anprotec.org.br\/site\/wp-json\/wp\/v2\/tags?post=8084"},{"taxonomy":"calendar","embeddable":true,"href":"https:\/\/anprotec.org.br\/site\/wp-json\/wp\/v2\/calendar?post=8084"}],"curies":[{"name":"wp","href":"https:\/\/api.w.org\/{rel}","templated":true}]}}