{"id":8077,"date":"2014-09-26T13:27:48","date_gmt":"2014-09-26T16:27:48","guid":{"rendered":"http:\/\/anprotec.org.br\/site\/?p=8077"},"modified":"2014-09-26T13:27:48","modified_gmt":"2014-09-26T16:27:48","slug":"jantar-de-encerramento-reune-cerca-de-400-pessoas","status":"publish","type":"post","link":"https:\/\/anprotec.org.br\/site\/2014\/09\/jantar-de-encerramento-reune-cerca-de-400-pessoas\/","title":{"rendered":"<!--:pt-->Jantar de encerramento re\u00fane cerca de 400 pessoas<!--:-->"},"content":{"rendered":"<p><!--:pt--><\/p>\n<p style=\"color: #353535;text-align: justify\"><img decoding=\"async\" loading=\"lazy\" class=\"alignleft size-thumbnail wp-image-8078\" src=\"https:\/\/anprotec.org.br\/site\/wp-content\/uploads\/2014\/09\/jantar1-300x216-270x160.jpg\" alt=\"jantar1-300x216\" width=\"270\" height=\"160\" \/>O jantar de encerramento do XXIV Semin\u00e1rio Nacional de Parques Tecnol\u00f3gicos e Incubadoras de Empresas \u00e9 o momento de confraterniza\u00e7\u00e3o entre os participantes, autoridades e representantes do sistema de inova\u00e7\u00e3o local. Com m\u00fasica ao vivo, comida t\u00edpica paraense e bebidas variadas, cerca de 400 pessoas se reuniram na noite de quinta-feira (25), em um espa\u00e7o muito especial para a cultura local.<\/p>\n<p style=\"color: #353535;text-align: justify\">Chamado S\u00e3o Jos\u00e9 Liberto, o pr\u00e9dio que por mais de cem anos funcionou como uma penitenci\u00e1ria, localizado no centro de Bel\u00e9m, foi totalmente revitalizado. Hoje, \u00e9 uma refer\u00eancia cultural, tur\u00edstica, comercial e do patrim\u00f4nio arquitet\u00f4nico da cidade, abrigando o Museu de Gemas do Par\u00e1, o Polo Joalheiro e a Casa do Artes\u00e3o.<\/p>\n<p style=\"color: #353535;text-align: justify\">Al\u00e9m da confraterniza\u00e7\u00e3o, os participantes puderam visitar as instala\u00e7\u00f5es do pr\u00e9dio e conhecer o trabalho dos joalheiros e artes\u00e3os paraenses.<\/p>\n<p style=\"color: #353535;text-align: justify\"><strong>Hist\u00f3ria<\/strong><\/p>\n<p style=\"color: #353535;text-align: justify\">O pr\u00e9dio principal do Espa\u00e7o S\u00e3o Jos\u00e9 Liberto data de 1749 e foi erguido pelos frades capuchos de Nossa Senhora da Piedade para ser o convento de S\u00e3o Jos\u00e9. Com a expuls\u00e3o dos jesu\u00edtas do Brasil, o pr\u00e9dio abrigou, ao longo de mais de dois s\u00e9culos de exist\u00eancia, olaria, quartel, dep\u00f3sito de p\u00f3lvora, hospital, cadeia p\u00fablica e pres\u00eddio. Na segunda metade do s\u00e9culo XX foi ampliado, ganhando mais um pr\u00e9dio, anexo \u00e0 primeira constru\u00e7\u00e3o, feita em pedra, areia de praia e grude de peixe. Desativado pelo governo do Estado no final dos anos 1980, o pr\u00e9dio foi totalmente restaurado e reinaugurado em 2002.<\/p>\n<p style=\"color: #353535;text-align: justify\"><em>* Foto: Roberto Ribeiro. Confira a cobertura fotogr\u00e1fica completa\u00a0<a style=\"color: #ffb702\" href=\"https:\/\/www.flickr.com\/photos\/126759334@N04\/sets\/\" target=\"_blank\">aqui<\/a>.<\/em><\/p>\n<p><!--:--><\/p>\n","protected":false},"excerpt":{"rendered":"<p><!--:pt-->Participantes do Semin\u00e1rio Nacional puderam conhecer um pouco mais da cultura paraense no Espa\u00e7o S\u00e3o Jos\u00e9 Liberto, refer\u00eancia tur\u00edstica, comercial e do patrim\u00f4nio arquitet\u00f4nico de Bel\u00e9m.<!--:--><\/p>\n","protected":false},"author":8,"featured_media":8078,"comment_status":"open","ping_status":"open","sticky":false,"template":"","format":"standard","meta":{"footnotes":"","_links_to":"","_links_to_target":""},"categories":[3],"tags":[],"calendar":[],"_links":{"self":[{"href":"https:\/\/anprotec.org.br\/site\/wp-json\/wp\/v2\/posts\/8077"}],"collection":[{"href":"https:\/\/anprotec.org.br\/site\/wp-json\/wp\/v2\/posts"}],"about":[{"href":"https:\/\/anprotec.org.br\/site\/wp-json\/wp\/v2\/types\/post"}],"author":[{"embeddable":true,"href":"https:\/\/anprotec.org.br\/site\/wp-json\/wp\/v2\/users\/8"}],"replies":[{"embeddable":true,"href":"https:\/\/anprotec.org.br\/site\/wp-json\/wp\/v2\/comments?post=8077"}],"version-history":[{"count":2,"href":"https:\/\/anprotec.org.br\/site\/wp-json\/wp\/v2\/posts\/8077\/revisions"}],"predecessor-version":[{"id":8080,"href":"https:\/\/anprotec.org.br\/site\/wp-json\/wp\/v2\/posts\/8077\/revisions\/8080"}],"wp:featuredmedia":[{"embeddable":true,"href":"https:\/\/anprotec.org.br\/site\/wp-json\/wp\/v2\/media\/8078"}],"wp:attachment":[{"href":"https:\/\/anprotec.org.br\/site\/wp-json\/wp\/v2\/media?parent=8077"}],"wp:term":[{"taxonomy":"category","embeddable":true,"href":"https:\/\/anprotec.org.br\/site\/wp-json\/wp\/v2\/categories?post=8077"},{"taxonomy":"post_tag","embeddable":true,"href":"https:\/\/anprotec.org.br\/site\/wp-json\/wp\/v2\/tags?post=8077"},{"taxonomy":"calendar","embeddable":true,"href":"https:\/\/anprotec.org.br\/site\/wp-json\/wp\/v2\/calendar?post=8077"}],"curies":[{"name":"wp","href":"https:\/\/api.w.org\/{rel}","templated":true}]}}