{"id":8039,"date":"2014-09-24T19:55:23","date_gmt":"2014-09-24T22:55:23","guid":{"rendered":"http:\/\/anprotec.org.br\/site\/?p=8039"},"modified":"2014-09-24T19:56:03","modified_gmt":"2014-09-24T22:56:03","slug":"seminario-tem-tarde-dedicada-a-apresentacao-de-trabalhos","status":"publish","type":"post","link":"https:\/\/anprotec.org.br\/site\/2014\/09\/seminario-tem-tarde-dedicada-a-apresentacao-de-trabalhos\/","title":{"rendered":"<!--:pt-->Evento tem tarde dedicada \u00e0 apresenta\u00e7\u00e3o de trabalhos<!--:-->"},"content":{"rendered":"<p><!--:pt--><\/p>\n<p style=\"color: #353535;text-align: justify\"><img decoding=\"async\" loading=\"lazy\" class=\"alignleft size-thumbnail wp-image-8040\" src=\"https:\/\/anprotec.org.br\/site\/wp-content\/uploads\/2014\/09\/3-270x160.jpg\" alt=\"3\" width=\"270\" height=\"160\" \/>Ap\u00f3s as sess\u00f5es plen\u00e1rias da manh\u00e3, a tarde do primeiro dia do\u00a0XXIV Semin\u00e1rio Nacional de Parques Tecnol\u00f3gicos e Incubadoras de Empresas\u00a0abriu espa\u00e7o para a troca de conhecimento entre os participantes, com a realiza\u00e7\u00e3o de 12 sess\u00f5es t\u00e9cnicas paralelas, uma pitch session e um f\u00f3rum interativo.<\/p>\n<p style=\"color: #353535;text-align: justify\">Nas sess\u00f5es t\u00e9cnicas paralelas foram apresentados os artigos completos selecionados na Chamada de Trabalhos do Semin\u00e1rio Nacional. Divididos por temas, os grupos discutiram a import\u00e2ncia da inova\u00e7\u00e3o para o desenvolvimento local, modelos de gest\u00e3o de incubadoras, educa\u00e7\u00e3o empreendedora, pr\u00e1ticas de mercado de empresas inovadoras e desafios enfrentados por parques tecnol\u00f3gicos.<\/p>\n<p style=\"color: #353535;text-align: justify\">Para o presidente do Comit\u00ea Avaliador do Semin\u00e1rio, Paulo Tadeu Arantes, \u00a0o conhecimento compartilhado \u00e9 o maior legado do evento. \u201cConhecimento \u00e9 bem intang\u00edvel, tem uma caracter\u00edstica peculiar: quanto mais voc\u00ea usa, mais ele cresce. Nas sess\u00f5es t\u00e9cnicas do Semin\u00e1rio, v\u00e1rias pessoas com trabalhos diferentes, ou seja, experi\u00eancias diversas, promovem essa troca e, assim, enriquecem e fortalecem o movimento\u201d, afirma.<\/p>\n<p style=\"color: #353535;text-align: justify\">Uma das novidades do evento deste ano foi a realiza\u00e7\u00e3o da chamada\u00a0pitch session,\u00a0que substitui a exposi\u00e7\u00e3o de p\u00f4steres para apresenta\u00e7\u00e3o dos artigos curtos selecionados na Chamada. Nessa modalidade, cada autor tinha at\u00e9 tr\u00eas minutos para apresentar o tema de seu trabalho \u2013 foram cerca de 20 apresenta\u00e7\u00f5es. \u201cA troca do p\u00f4ster pela pitch session deu mais dinamismo \u00e0 apresenta\u00e7\u00e3o dos artigos curtos. Embora r\u00e1pida, \u00e9 uma oportunidade importante para mostrar boas pr\u00e1ticas, permitindo que outras pessoas a conhe\u00e7am e, se poss\u00edvel, a repliquem\u201d, explica a moderadora da pitch session, Regina Faria.<\/p>\n<p style=\"color: #353535;text-align: justify\">Por fim, o f\u00f3rum interativo foi dedicado \u00e0 apresenta\u00e7\u00e3o de boas pr\u00e1ticas de empresas, tamb\u00e9m selecionadas por meio da Chamada. Ao todo, foram seis apresenta\u00e7\u00f5es, que trataram de temas relacionados \u00e0 gest\u00e3o de pessoas, inova\u00e7\u00e3o, propriedade intelectual, competitividade e relacionamento com incubadoras.<\/p>\n<p style=\"color: #353535;text-align: justify\"><em>* Foto: Roberto Ribeiro. Confira a cobertura fotogr\u00e1fica completa\u00a0<a style=\"color: #ffb702\" href=\"https:\/\/www.flickr.com\/photos\/126759334@N04\/sets\/\" target=\"_blank\">aqui<\/a>.<\/em><\/p>\n<p><!--:--><\/p>\n","protected":false},"excerpt":{"rendered":"<p><!--:pt-->Autores de artigos completos, artigos curtos e relatos de boas pr\u00e1ticas empresariais apresentaram seus trabalhos em diversas sess\u00f5es interativas paralelas, realizadas hoje, dia 24.<!--:--><\/p>\n","protected":false},"author":8,"featured_media":8040,"comment_status":"open","ping_status":"open","sticky":false,"template":"","format":"standard","meta":{"footnotes":"","_links_to":"","_links_to_target":""},"categories":[3],"tags":[],"calendar":[],"_links":{"self":[{"href":"https:\/\/anprotec.org.br\/site\/wp-json\/wp\/v2\/posts\/8039"}],"collection":[{"href":"https:\/\/anprotec.org.br\/site\/wp-json\/wp\/v2\/posts"}],"about":[{"href":"https:\/\/anprotec.org.br\/site\/wp-json\/wp\/v2\/types\/post"}],"author":[{"embeddable":true,"href":"https:\/\/anprotec.org.br\/site\/wp-json\/wp\/v2\/users\/8"}],"replies":[{"embeddable":true,"href":"https:\/\/anprotec.org.br\/site\/wp-json\/wp\/v2\/comments?post=8039"}],"version-history":[{"count":3,"href":"https:\/\/anprotec.org.br\/site\/wp-json\/wp\/v2\/posts\/8039\/revisions"}],"predecessor-version":[{"id":8043,"href":"https:\/\/anprotec.org.br\/site\/wp-json\/wp\/v2\/posts\/8039\/revisions\/8043"}],"wp:featuredmedia":[{"embeddable":true,"href":"https:\/\/anprotec.org.br\/site\/wp-json\/wp\/v2\/media\/8040"}],"wp:attachment":[{"href":"https:\/\/anprotec.org.br\/site\/wp-json\/wp\/v2\/media?parent=8039"}],"wp:term":[{"taxonomy":"category","embeddable":true,"href":"https:\/\/anprotec.org.br\/site\/wp-json\/wp\/v2\/categories?post=8039"},{"taxonomy":"post_tag","embeddable":true,"href":"https:\/\/anprotec.org.br\/site\/wp-json\/wp\/v2\/tags?post=8039"},{"taxonomy":"calendar","embeddable":true,"href":"https:\/\/anprotec.org.br\/site\/wp-json\/wp\/v2\/calendar?post=8039"}],"curies":[{"name":"wp","href":"https:\/\/api.w.org\/{rel}","templated":true}]}}