{"id":8021,"date":"2014-09-23T23:25:55","date_gmt":"2014-09-24T02:25:55","guid":{"rendered":"http:\/\/anprotec.org.br\/site\/?p=8021"},"modified":"2014-09-24T09:33:03","modified_gmt":"2014-09-24T12:33:03","slug":"autoridades-abrem-o-xxiv-seminario-nacional","status":"publish","type":"post","link":"https:\/\/anprotec.org.br\/site\/2014\/09\/autoridades-abrem-o-xxiv-seminario-nacional\/","title":{"rendered":"<!--:pt-->Autoridades abrem o XXIV Semin\u00e1rio Nacional<!--:-->"},"content":{"rendered":"<p><!--:pt--><\/p>\n<p style=\"color: #353535;text-align: justify\"><img decoding=\"async\" loading=\"lazy\" class=\"alignleft size-thumbnail wp-image-8022\" src=\"https:\/\/anprotec.org.br\/site\/wp-content\/uploads\/2014\/09\/IMG_7700-300x216-270x160.jpg\" alt=\"IMG_7700-300x216\" width=\"270\" height=\"160\" \/>No ano em que o movimento de empreendedorismo inovador completa 30 anos de atua\u00e7\u00e3o, o XXIV Semin\u00e1rio Nacional de Parques Tecnol\u00f3gicos e Incubadoras de Empresas bate o recorde de inscri\u00e7\u00f5es, com 927 participantes. Com o tema \u201cFronteiras do empreendedorismo inovador: novas conex\u00f5es para resultados\u201d, o evento re\u00fane diversas atividades para promover o interc\u00e2mbio de informa\u00e7\u00f5es entre agentes do movimento das 27 unidades federativas e de 14 pa\u00edses.<\/p>\n<p style=\"color: #353535;text-align: justify\">A abertura oficial do Semin\u00e1rio aconteceu na noite desta ter\u00e7a-feira (23). O diretor-presidente do PCT Guam\u00e1 e anfitri\u00e3o do evento, Ant\u00f4nio Abel\u00e9m, deu as boas-vindas aos participantes e destacou a import\u00e2ncia, para Bel\u00e9m, de\u00a0receber o Semin\u00e1rio. \u201cEste \u00e9 um momento\u00a0hist\u00f3rico para nosso estado, para a Regi\u00e3o Norte e para o movimento do empreendedorismo inovador. Agradecemos \u00e0 Anprotec e ao Sebrae por essa oportunidade\u201d, disse.<\/p>\n<p style=\"color: #353535;text-align: justify\">O vice-presidente da Anprotec, Jorge Audy, que tamb\u00e9m \u00e9 presidente da Associa\u00e7\u00e3o Internacional de Parques Tecnol\u00f3gicos e \u00c1reas de Inova\u00e7\u00e3o (International Association of Science Parks and Areas of Innovation \u2013 IASP) para a Am\u00e9rica Latina, falou sobre a import\u00e2ncia da\u00a0conex\u00e3o com redes internacionais de promo\u00e7\u00e3o do empreendedorismo inovador, como a IASP. \u201cNosso pa\u00eds conquistou grande inser\u00e7\u00e3o no cen\u00e1rio internacional de parques tecnol\u00f3gicos e \u00e1reas de inova\u00e7\u00e3o e \u00e9 preciso que estejamos engajados em redes globais que representem o movimento\u201d, afirmou.<\/p>\n<p style=\"color: #353535;text-align: justify\">A presidente da Anprotec, Francilene Garcia, ressaltou as conquistas das \u00faltimas tr\u00eas d\u00e9cadas e o papel da Associa\u00e7\u00e3o na lideran\u00e7a do movimento. \u201cA Anprotec se antecipa em rela\u00e7\u00e3o a algumas fronteiras do movimento. \u00c9 o caso da forma\u00e7\u00e3o educacional de gestores de ambientes de inova\u00e7\u00e3o, com o recente lan\u00e7amento de uma nova matriz educacional pela\u00a0Anprotec e pelo Sebrae e a busca por parcerias internacionais, com projetos como o B.BICE+, junto \u00e0 Uni\u00e3o Europeia\u201d, apontou.<\/p>\n<p style=\"color: #353535;text-align: justify\">O diretor t\u00e9cnico do Sebrae, Carlos Alberto dos Santos, destacou a import\u00e2ncia da parceria da institui\u00e7\u00e3o com a Anprotec para a promo\u00e7\u00e3o do empreendedorismo inovador no pa\u00eds.\u00a0\u201cInova\u00e7\u00e3o \u00e9 um tema cada vez mais relevante\u00a0para o Sebrae. Buscamos a inova\u00e7\u00e3o orientada a resultados e o tema do\u00a0Semin\u00e1rio deste ano simboliza o est\u00e1gio em que estamos neste momento\u201d,\u00a0disse.<\/p>\n<p style=\"color: #353535;text-align: justify\">Na sequ\u00eancia, o reitor da Universidade Federal do Par\u00e1 (UFPA), Carlos Edilson de Almeida Maneschy, provocou a discuss\u00e3o sobre o enfrentamento das assimetrias regionais por meio da inova\u00e7\u00e3o. \u201cO conhecimento deve ser valorizado como bem indispens\u00e1vel na economia contempor\u00e2nea\u201d, sustentou.<\/p>\n<p style=\"color: #353535;text-align: justify\">Com a gera\u00e7\u00e3o de valor baseada no conhecimento, o empreendedorismo inovador se posiciona como um importante agente no desenvolvimento sustent\u00e1vel, contribuindo para a redu\u00e7\u00e3o das desigualdades. \u201cO MCTI tem um grande programa voltado para incubadoras de empresas e os parques tecnol\u00f3gicos. Temos que transformar o que j\u00e1 temos em riqueza\u201d, assinalou o secret\u00e1rio executivo do Minist\u00e9rio da Ci\u00eancia, Tecnologia e Inova\u00e7\u00e3o, Alvaro Toubes Prata.<\/p>\n<p style=\"color: #353535;text-align: justify\">A\u00a0parceria firmada pela Anprotec junto \u00e0 Uni\u00e3o Europeia por meio do B.BICE+ foi destacada como\u00a0um importante passo na coopera\u00e7\u00e3o na \u00e1rea de Ci\u00eancia, Tecnologia e Inova\u00e7\u00e3o entre o Brasil e os pa\u00edses membros da UE.\u00a0 \u201cA Anprotec \u00e9 uma refer\u00eancia na promo\u00e7\u00e3o da inova\u00e7\u00e3o no Brasil. O fato de discutirmos isso aqui nos d\u00e1 for\u00e7a para criar linhas de coopera\u00e7\u00e3o com o Brasil\u201d, destacou a Embaixadora da Uni\u00e3o Europeia no Brasil, Ana Paula Zacarias.<\/p>\n<p style=\"color: #353535;text-align: justify\">O Secret\u00e1rio de Estado de Ci\u00eancia, Tecnologia e Inova\u00e7\u00e3o do Par\u00e1, Claudio Cavalcanti Ribeiro encerrou a cerim\u00f4nia de abertura do Semin\u00e1rio falando sobre as dificuldades enfrentadas regionalmente. \u201cEstamos convencidos de que a forma de sair dessa condi\u00e7\u00e3o \u00e9 ir em dire\u00e7\u00e3o a uma economia baseada no conhecimento\u201d, afirmou.<\/p>\n<p style=\"color: #353535;text-align: justify\">Na sequ\u00eancia,\u00a0<a style=\"color: #ffb702\" href=\"https:\/\/anprotec.org.br\/site\/2014\/09\/equipe-union-e-a-grande-vencedora-do-avance\/\" target=\"_blank\">os empreendedores finalistas do jogo empresarial Avance! foram anunciados<\/a>.<\/p>\n<p style=\"color: #353535;text-align: justify\"><em>* Foto: Roberto Ribeiro. Confira a cobertura fotogr\u00e1fica completa\u00a0<a style=\"color: #ffb702\" href=\"https:\/\/www.flickr.com\/photos\/126759334@N04\/sets\/\" target=\"_blank\">aqui<\/a>.<\/em><\/p>\n<p><!--:--><\/p>\n","protected":false},"excerpt":{"rendered":"<p><!--:pt-->Evento bateu recorde de inscri\u00e7\u00f5es: 927 participantes de 14 pa\u00edses se re\u00fanem durante essa semana, em Bel\u00e9m (PA), para discutir os rumos do empreendedorismo inovador no Brasil.<!--:--><\/p>\n","protected":false},"author":8,"featured_media":8022,"comment_status":"open","ping_status":"open","sticky":false,"template":"","format":"standard","meta":{"footnotes":"","_links_to":"","_links_to_target":""},"categories":[3],"tags":[],"calendar":[],"_links":{"self":[{"href":"https:\/\/anprotec.org.br\/site\/wp-json\/wp\/v2\/posts\/8021"}],"collection":[{"href":"https:\/\/anprotec.org.br\/site\/wp-json\/wp\/v2\/posts"}],"about":[{"href":"https:\/\/anprotec.org.br\/site\/wp-json\/wp\/v2\/types\/post"}],"author":[{"embeddable":true,"href":"https:\/\/anprotec.org.br\/site\/wp-json\/wp\/v2\/users\/8"}],"replies":[{"embeddable":true,"href":"https:\/\/anprotec.org.br\/site\/wp-json\/wp\/v2\/comments?post=8021"}],"version-history":[{"count":3,"href":"https:\/\/anprotec.org.br\/site\/wp-json\/wp\/v2\/posts\/8021\/revisions"}],"predecessor-version":[{"id":8028,"href":"https:\/\/anprotec.org.br\/site\/wp-json\/wp\/v2\/posts\/8021\/revisions\/8028"}],"wp:featuredmedia":[{"embeddable":true,"href":"https:\/\/anprotec.org.br\/site\/wp-json\/wp\/v2\/media\/8022"}],"wp:attachment":[{"href":"https:\/\/anprotec.org.br\/site\/wp-json\/wp\/v2\/media?parent=8021"}],"wp:term":[{"taxonomy":"category","embeddable":true,"href":"https:\/\/anprotec.org.br\/site\/wp-json\/wp\/v2\/categories?post=8021"},{"taxonomy":"post_tag","embeddable":true,"href":"https:\/\/anprotec.org.br\/site\/wp-json\/wp\/v2\/tags?post=8021"},{"taxonomy":"calendar","embeddable":true,"href":"https:\/\/anprotec.org.br\/site\/wp-json\/wp\/v2\/calendar?post=8021"}],"curies":[{"name":"wp","href":"https:\/\/api.w.org\/{rel}","templated":true}]}}