{"id":801,"date":"2012-11-08T09:53:26","date_gmt":"2012-11-08T12:53:26","guid":{"rendered":"http:\/\/anprotec.org.br\/site\/?p=801"},"modified":"2012-11-08T12:04:56","modified_gmt":"2012-11-08T15:04:56","slug":"mcti-promove-workshop-sobre-parques-e-incubadoras","status":"publish","type":"post","link":"https:\/\/anprotec.org.br\/site\/2012\/11\/mcti-promove-workshop-sobre-parques-e-incubadoras\/","title":{"rendered":"MCTI promove workshop sobre parques tecnol\u00f3gicos"},"content":{"rendered":"<p style=\"text-align: justify;\"><a href=\"https:\/\/anprotec.org.br\/site\/2012\/11\/mcti-promove-workshop-sobre-parques-e-incubadoras\/logomarca-pni_final\/\" rel=\"attachment wp-att-802\"><img decoding=\"async\" loading=\"lazy\" class=\"alignleft size-thumbnail wp-image-802\" title=\"logomarca PNI_final\" src=\"https:\/\/anprotec.org.br\/site\/wp-content\/uploads\/2012\/11\/logomarca-PNI_final-270x160.jpg\" alt=\"\" width=\"270\" height=\"160\" \/><\/a>O Minist\u00e9rio de Ci\u00eancia, Tecnologia e Inova\u00e7\u00e3o (MCTI) promover\u00e1, nos pr\u00f3ximos dias 21 e 22 de novembro, o Workshop \u201cParques Tecnol\u00f3gicos: atualidades e tend\u00eancias\u201d, que tem por objetivo discutir impactos, oportunidades e gargalos para implanta\u00e7\u00e3o desses ambientes de inova\u00e7\u00e3o, bem como de incubadoras de empresas. O evento ser\u00e1 realizado em Bras\u00edlia (DF), na sede do Conselho Nacional de Desenvolvimento Cient\u00edfico e Tecnol\u00f3gico (CNPq).<\/p>\n<p style=\"text-align: justify;\">A abertura do evento est\u00e1 programada para \u00e0s 9h30 do dia 21, com a presen\u00e7a do Secret\u00e1rio de Desenvolvimento Tecnol\u00f3gico e Inova\u00e7\u00e3o do Minist\u00e9rio da Ci\u00eancia, Tecnologia e Inova\u00e7\u00e3o do MCTI, Alvaro Prata, do presidente do CNPq, Glaucius Oliva, do presidente da Financiadora de Estudos e Projetos (Finep), Glauco Arbix e da presidente da Anprotec, Francilene Garcia. Ap\u00f3s a abertura, ser\u00e1 apresentada uma palestra sobre o Programa Nacional de Apoio \u00e0s Incubadoras de Empresas e aos Parques Tecnol\u00f3gicos (PNI). &#8220;O Workshop tem o objetivo\u00a0\u00a0de reunir gestores de parques tecnol\u00f3gicos, principalmente os que se encontram no est\u00e1gio de implanta\u00e7\u00e3o,\u00a0\u00a0para a troca de experi\u00eancias quanto a utiliza\u00e7\u00e3o e operacionaliza\u00e7\u00e3o de recursos p\u00fablicos, bem como discutir sugest\u00f5es para defini\u00e7\u00e3o de indicadores\u00a0\u00a0de desempenho para\u00a0\u00a0o aprimoramento das a\u00e7\u00f5es futuras do PNI\u201d, explica o Secret\u00e1rio Executivo do Comit\u00ea Consultivo do PNI, Jos\u00e9 Ant\u00f4nio Silverio.<\/p>\n<p style=\"text-align: justify;\">Ainda no dia 21, \u00e0 tarde, ser\u00e3o apresentadas experi\u00eancias de parques tecnol\u00f3gicos e incubadoras de empresas de diferentes regi\u00f5es do pa\u00eds: Porto Digital, de Recife (PE), Parque Tecnol\u00f3gico de Salvador (BA), Parque Tecnol\u00f3gico de Sergipe, de Aracaju (SE), Incubadora de Empresas de Santa Rita do Sapuca\u00ed (MG), Parque Tecnol\u00f3gico de Pato Branco (PR) e Parque Tecnol\u00f3gico de Curitiba (PR).<\/p>\n<p style=\"text-align: justify;\">No dia 22,\u00a0 o ex-presidente da Anprotec e atual diretor do Sapiens Parque, Jos\u00e9 Eduardo Fiates, apresentar\u00e1 uma palestra sobre tend\u00eancias mundiais em parques tecnol\u00f3gicos. Na sequencia, o ex-presidente da Anprotec e atual diretor do Parque Tecnol\u00f3gico do Rio, Mauricio Guedes, apresentar\u00e1 a experi\u00eancia de implanta\u00e7\u00e3o e consolida\u00e7\u00e3o do Parque no Rio de Janeiro. Ap\u00f3s as palestras, os participantes ser\u00e3o divididos em grupos para elaborar sugest\u00f5es que visem a melhoria da din\u00e2mica e do suporte institucional e financeiro oferecido pelo PNI no apoio a parques tecnol\u00f3gicos e incubadoras de empresas.<\/p>\n<p style=\"text-align: justify;\">Entre os temas que ser\u00e3o trabalhados pelos grupos, est\u00e3o aspectos relacionados \u00e0 implanta\u00e7\u00e3o de ambientes de inova\u00e7\u00e3o, tais como a sintonia estrat\u00e9gica com a pol\u00edtica de desenvolvimento local, a integra\u00e7\u00e3o com universidades e centros de pesquisa, os aspectos fundi\u00e1rios envolvidos e a seguran\u00e7a jur\u00eddica para investimentos privados. Ser\u00e3o tratados, tamb\u00e9m, temas como a atra\u00e7\u00e3o de empresas, mecanismos para sustentabilidade, instrumentos de apoio, crit\u00e9rios para aloca\u00e7\u00e3o de recursos p\u00fablicos e prioridades de investimentos. O evento ser\u00e1 encerrado \u00e0s 12h30, com a apresenta\u00e7\u00e3o das sugest\u00f5es dos grupos em rela\u00e7\u00e3o aos aspectos discutidos. Ap\u00f3s o Workshop, ser\u00e1 realizada a reuni\u00e3o do Comit\u00ea Consultivo do PNI.<\/p>\n<p style=\"text-align: justify;\">Para participar do Workshop, \u00e9 preciso confirmar presen\u00e7a pelo email <strong><a href=\"mailto:parques.incubadoras@mct.gov.br\">parques.incubadoras@mct.gov.br<\/a> <\/strong>ou pelo telefone (61) 2033 \u2013 7433.<\/p>\n<p>&nbsp;<\/p>\n","protected":false},"excerpt":{"rendered":"<p>Objetivo \u00e9 discutir impactos, oportunidades e gargalos para implanta\u00e7\u00e3o de ambientes de inova\u00e7\u00e3o. Evento ocorrer\u00e1  nos dias 21 e 22 deste m\u00eas.<\/p>\n","protected":false},"author":8,"featured_media":802,"comment_status":"open","ping_status":"open","sticky":false,"template":"","format":"standard","meta":{"footnotes":"","_links_to":"","_links_to_target":""},"categories":[3],"tags":[],"calendar":[],"_links":{"self":[{"href":"https:\/\/anprotec.org.br\/site\/wp-json\/wp\/v2\/posts\/801"}],"collection":[{"href":"https:\/\/anprotec.org.br\/site\/wp-json\/wp\/v2\/posts"}],"about":[{"href":"https:\/\/anprotec.org.br\/site\/wp-json\/wp\/v2\/types\/post"}],"author":[{"embeddable":true,"href":"https:\/\/anprotec.org.br\/site\/wp-json\/wp\/v2\/users\/8"}],"replies":[{"embeddable":true,"href":"https:\/\/anprotec.org.br\/site\/wp-json\/wp\/v2\/comments?post=801"}],"version-history":[{"count":8,"href":"https:\/\/anprotec.org.br\/site\/wp-json\/wp\/v2\/posts\/801\/revisions"}],"predecessor-version":[{"id":807,"href":"https:\/\/anprotec.org.br\/site\/wp-json\/wp\/v2\/posts\/801\/revisions\/807"}],"wp:featuredmedia":[{"embeddable":true,"href":"https:\/\/anprotec.org.br\/site\/wp-json\/wp\/v2\/media\/802"}],"wp:attachment":[{"href":"https:\/\/anprotec.org.br\/site\/wp-json\/wp\/v2\/media?parent=801"}],"wp:term":[{"taxonomy":"category","embeddable":true,"href":"https:\/\/anprotec.org.br\/site\/wp-json\/wp\/v2\/categories?post=801"},{"taxonomy":"post_tag","embeddable":true,"href":"https:\/\/anprotec.org.br\/site\/wp-json\/wp\/v2\/tags?post=801"},{"taxonomy":"calendar","embeddable":true,"href":"https:\/\/anprotec.org.br\/site\/wp-json\/wp\/v2\/calendar?post=801"}],"curies":[{"name":"wp","href":"https:\/\/api.w.org\/{rel}","templated":true}]}}