{"id":7801,"date":"2014-09-10T10:44:54","date_gmt":"2014-09-10T13:44:54","guid":{"rendered":"http:\/\/anprotec.org.br\/site\/?p=7801"},"modified":"2014-09-10T10:45:40","modified_gmt":"2014-09-10T13:45:40","slug":"bid-lanca-governarte-2014","status":"publish","type":"post","link":"https:\/\/anprotec.org.br\/site\/2014\/09\/bid-lanca-governarte-2014\/","title":{"rendered":"<!--:pt-->BID lan\u00e7a segunda edi\u00e7\u00e3o do Governarte <!--:-->"},"content":{"rendered":"<p><!--:pt--><\/p>\n<p style=\"text-align: justify\"><img decoding=\"async\" loading=\"lazy\" class=\"alignleft size-thumbnail wp-image-7803\" src=\"https:\/\/anprotec.org.br\/site\/wp-content\/uploads\/2014\/09\/Governarte-2-270x160.jpg\" alt=\"Governarte-2\" width=\"270\" height=\"160\" \/>O Banco Interamericano de Desenvolvimento (<a href=\"http:\/\/www.iadb.org\/pt\/temas\/,1553.html\">BID<\/a>) lan\u00e7ou a segunda edi\u00e7\u00e3o do concurso \u201c<a href=\"http:\/\/www.iadb.org\/gobernarte\">Governarte: A Arte do Bom Governo<\/a>\u00a0\u201d, que premiar\u00e1 as melhores iniciativas que tenham ampliado o acesso de popula\u00e7\u00f5es vulner\u00e1veis a servi\u00e7os p\u00fablicos pelo uso de meios digitais, como redes sociais, telefonia m\u00f3vel, aplicativos na web e outras solu\u00e7\u00f5es tecnol\u00f3gicas.<\/p>\n<p style=\"text-align: justify\">O pr\u00eamio pretende identificar, premiar, documentar e difundir iniciativas que tenham sido geradas por parcerias entre governos subnacionais e empresas do setor privado ou a sociedade civil promovendo novas formas de inclus\u00e3o social pelo uso de meios digitais, em uma das seguintes categorias:<\/p>\n<ul style=\"text-align: justify\">\n<li>Categoria 1:Parceria com a sociedade civil em n\u00edvel provincial, departamental, regional ou estadual (segundo n\u00edvel administrativo)<\/li>\n<li>Categoria 2:Parceria com a sociedade civil em n\u00edvel municipal (terceiro n\u00edvel administrativo)<\/li>\n<li>Categoria 3:Parceria com o setor privado em n\u00edvel provincial, departamental ou estadual (segundo n\u00edvel administrativo)<\/li>\n<li>Categoria 4:Parceria com o setor privado em n\u00edvel municipal (terceiro n\u00edvel administrativo)<\/li>\n<\/ul>\n<p style=\"text-align: justify\">Um painel de especialistas de reconhecido conhecimento t\u00e9cnico internacional e a comunidade, por vota\u00e7\u00e3o online, selecionar\u00e3o os ganhadores de cada categoria, que ser\u00e3o anunciados em 1\u00ba de dezembro. Em seguida, o BID documentar\u00e1 as inova\u00e7\u00f5es ganhadoras do Governarte e dar\u00e1 in\u00edcio a uma campanha para divulg\u00e1-las. Toda a documenta\u00e7\u00e3o estar\u00e1 dispon\u00edvel na Web.<\/p>\n<p style=\"text-align: justify\">A cerim\u00f4nia de premia\u00e7\u00e3o est\u00e1 prevista para o primeiro trimestre de 2015.<\/p>\n<p style=\"text-align: justify\"><strong>Inscri\u00e7\u00f5es<br \/>\n<\/strong>As propostas poder\u00e3o ser inscritas at\u00e9 30 de setembro de 2014 no <a href=\"www.iadb.org\/gobernarte\" target=\"_blank\">website do Governarte<\/a>. As iniciativas podem ser escritas por governos de segundo n\u00edvel administrativo (estados, prov\u00edncias, departamentos ou seus equivalentes), munic\u00edpios ou governos locais (terceiro n\u00edvel administrativo) de pa\u00edses mutu\u00e1rios do Banco em parceria com representantes da sociedade civil e\/ou do setor privado.<\/p>\n<p style=\"text-align: justify\">As experi\u00eancias inscritas devem ser apresentadas pelas equipes que as tiverem projetado e implantado diretamente, indicando como contato uma pessoa do Governo e outra pessoa da parceria com o setor privado ou sociedade civil, conforme a categoria.<\/p>\n<p style=\"text-align: justify\">Mais informa\u00e7\u00f5es no site do concurso <a href=\"http:\/\/www.iadb.org\/gobernarte\">www.iadb.org\/gobernarte<\/a>. Consultas e pedidos de esclarecimentos podem ser feitos para o e-mail\u00a0<a href=\"mailto:gobernarte@iadb.org\">gobernarte@iadb.org<\/a>.<\/p>\n<p style=\"text-align: justify\">* Com informa\u00e7\u00f5es do BID<\/p>\n<p style=\"text-align: justify\">\n<p><!--:--><\/p>\n","protected":false},"excerpt":{"rendered":"<p><!--:pt-->Concurso reconhecer\u00e1 iniciativas que tenham contribu\u00eddo para a inclus\u00e3o social por meio de Tecnologias de Informa\u00e7\u00e3o e Comunica\u00e7\u00e3o. As inscri\u00e7\u00f5es v\u00e3o at\u00e9 o dia 30 de setembro. <!--:--><\/p>\n","protected":false},"author":8,"featured_media":7803,"comment_status":"open","ping_status":"open","sticky":false,"template":"","format":"standard","meta":{"footnotes":"","_links_to":"","_links_to_target":""},"categories":[3],"tags":[],"calendar":[],"_links":{"self":[{"href":"https:\/\/anprotec.org.br\/site\/wp-json\/wp\/v2\/posts\/7801"}],"collection":[{"href":"https:\/\/anprotec.org.br\/site\/wp-json\/wp\/v2\/posts"}],"about":[{"href":"https:\/\/anprotec.org.br\/site\/wp-json\/wp\/v2\/types\/post"}],"author":[{"embeddable":true,"href":"https:\/\/anprotec.org.br\/site\/wp-json\/wp\/v2\/users\/8"}],"replies":[{"embeddable":true,"href":"https:\/\/anprotec.org.br\/site\/wp-json\/wp\/v2\/comments?post=7801"}],"version-history":[{"count":3,"href":"https:\/\/anprotec.org.br\/site\/wp-json\/wp\/v2\/posts\/7801\/revisions"}],"predecessor-version":[{"id":7805,"href":"https:\/\/anprotec.org.br\/site\/wp-json\/wp\/v2\/posts\/7801\/revisions\/7805"}],"wp:featuredmedia":[{"embeddable":true,"href":"https:\/\/anprotec.org.br\/site\/wp-json\/wp\/v2\/media\/7803"}],"wp:attachment":[{"href":"https:\/\/anprotec.org.br\/site\/wp-json\/wp\/v2\/media?parent=7801"}],"wp:term":[{"taxonomy":"category","embeddable":true,"href":"https:\/\/anprotec.org.br\/site\/wp-json\/wp\/v2\/categories?post=7801"},{"taxonomy":"post_tag","embeddable":true,"href":"https:\/\/anprotec.org.br\/site\/wp-json\/wp\/v2\/tags?post=7801"},{"taxonomy":"calendar","embeddable":true,"href":"https:\/\/anprotec.org.br\/site\/wp-json\/wp\/v2\/calendar?post=7801"}],"curies":[{"name":"wp","href":"https:\/\/api.w.org\/{rel}","templated":true}]}}