{"id":7744,"date":"2014-09-03T16:00:40","date_gmt":"2014-09-03T19:00:40","guid":{"rendered":"http:\/\/anprotec.org.br\/site\/?p=7744"},"modified":"2014-09-03T16:02:28","modified_gmt":"2014-09-03T19:02:28","slug":"anprotec-participa-de-reunioes-na-fapeam","status":"publish","type":"post","link":"https:\/\/anprotec.org.br\/site\/2014\/09\/anprotec-participa-de-reunioes-na-fapeam\/","title":{"rendered":"<!--:pt-->Anprotec participa de reuni\u00f5es na Fapeam<!--:-->"},"content":{"rendered":"<p><!--:pt--><\/p>\n<p style=\"text-align: justify\"><img decoding=\"async\" loading=\"lazy\" class=\"alignleft size-thumbnail wp-image-4121\" src=\"https:\/\/anprotec.org.br\/site\/wp-content\/uploads\/2013\/09\/anprotec_2-270x160.jpg\" alt=\"anprotec_2\" width=\"270\" height=\"160\" \/>Nesta quarta-feira (03\/09), a superintendente executiva da Anprotec, Sheila Oliveira Pires, participa de reuni\u00f5es na Funda\u00e7\u00e3o de Amparo \u00e0 Pesquisa do Estado do Amazonas para avalia\u00e7\u00e3o de projetos contemplados em edital de apoio \u00e0s incubadoras no estado. Sheila representou a Associa\u00e7\u00e3o na elabora\u00e7\u00e3o do edital e na comiss\u00e3o avaliadora dos projetos. \u201cNo workshop de hoje, as incubadoras que foram contempladas apresentam os resultados alcan\u00e7ados para que a comiss\u00e3o, novamente reunida, possa verificar se o que foi realizado\u201d, explica.<\/p>\n<p style=\"text-align: justify\">A superintendente da Anprotec tamb\u00e9m participou da primeira reuni\u00e3o sobre um conv\u00eanio firmado com a Fapeam neste ano. O instrumento \u00e9 voltado ao apoio e implanta\u00e7\u00e3o de novas incubadoras no Estado e de estrutura\u00e7\u00e3o\/consolida\u00e7\u00e3o das j\u00e1 existentes.<\/p>\n<p><!--:--><\/p>\n","protected":false},"excerpt":{"rendered":"<p><!--:pt-->Superintendente executiva da Associa\u00e7\u00e3o, Sheila Oliveira Pires, participa de reuni\u00f5es na Funda\u00e7\u00e3o de Amparo \u00e0 Pesquisa do Estado do Amazonas para avalia\u00e7\u00e3o de projetos.<!--:--><\/p>\n","protected":false},"author":8,"featured_media":4121,"comment_status":"open","ping_status":"open","sticky":false,"template":"","format":"standard","meta":{"footnotes":"","_links_to":"","_links_to_target":""},"categories":[3],"tags":[],"calendar":[],"_links":{"self":[{"href":"https:\/\/anprotec.org.br\/site\/wp-json\/wp\/v2\/posts\/7744"}],"collection":[{"href":"https:\/\/anprotec.org.br\/site\/wp-json\/wp\/v2\/posts"}],"about":[{"href":"https:\/\/anprotec.org.br\/site\/wp-json\/wp\/v2\/types\/post"}],"author":[{"embeddable":true,"href":"https:\/\/anprotec.org.br\/site\/wp-json\/wp\/v2\/users\/8"}],"replies":[{"embeddable":true,"href":"https:\/\/anprotec.org.br\/site\/wp-json\/wp\/v2\/comments?post=7744"}],"version-history":[{"count":3,"href":"https:\/\/anprotec.org.br\/site\/wp-json\/wp\/v2\/posts\/7744\/revisions"}],"predecessor-version":[{"id":7746,"href":"https:\/\/anprotec.org.br\/site\/wp-json\/wp\/v2\/posts\/7744\/revisions\/7746"}],"wp:featuredmedia":[{"embeddable":true,"href":"https:\/\/anprotec.org.br\/site\/wp-json\/wp\/v2\/media\/4121"}],"wp:attachment":[{"href":"https:\/\/anprotec.org.br\/site\/wp-json\/wp\/v2\/media?parent=7744"}],"wp:term":[{"taxonomy":"category","embeddable":true,"href":"https:\/\/anprotec.org.br\/site\/wp-json\/wp\/v2\/categories?post=7744"},{"taxonomy":"post_tag","embeddable":true,"href":"https:\/\/anprotec.org.br\/site\/wp-json\/wp\/v2\/tags?post=7744"},{"taxonomy":"calendar","embeddable":true,"href":"https:\/\/anprotec.org.br\/site\/wp-json\/wp\/v2\/calendar?post=7744"}],"curies":[{"name":"wp","href":"https:\/\/api.w.org\/{rel}","templated":true}]}}