{"id":7728,"date":"2014-09-03T13:25:22","date_gmt":"2014-09-03T16:25:22","guid":{"rendered":"http:\/\/anprotec.org.br\/site\/?p=7728"},"modified":"2014-09-03T13:25:57","modified_gmt":"2014-09-03T16:25:57","slug":"inscricoes-do-b-bice-encerram-na-proxima-semana","status":"publish","type":"post","link":"https:\/\/anprotec.org.br\/site\/2014\/09\/inscricoes-do-b-bice-encerram-na-proxima-semana\/","title":{"rendered":"<!--:pt-->Inscri\u00e7\u00f5es do B.Bice+ encerram segunda-feira<!--:-->"},"content":{"rendered":"<p><!--:pt--><\/p>\n<p style=\"color: #353535;text-align: justify\"><img decoding=\"async\" loading=\"lazy\" class=\"alignleft size-thumbnail wp-image-7006\" src=\"https:\/\/anprotec.org.br\/site\/wp-content\/uploads\/2014\/06\/bbice-270x160.jpg\" alt=\"bbice\" width=\"270\" height=\"160\" \/>As inscri\u00e7\u00f5es para atividades do\u00a0<strong><a style=\"color: #ffb702\" href=\"http:\/\/anprotec.enviodemkt.com.br\/registra_clique.php?id=H%7C722116%7C214286%7C4731&amp;url=http%3A%2F%2Fwww.b-bice-plus.eu%2F\">projeto B.Bice+<\/a><\/strong>, que ser\u00e3o realizadas durante o XXIV Semin\u00e1rio Nacional de Parques Tecnol\u00f3gicos e Incubadoras de Empresas, v\u00e3o at\u00e9 a pr\u00f3xima segunda-feira, dia 8 de setembro. As inscri\u00e7\u00f5es s\u00e3o gratuitas para os participantes do evento, que devem enviar o formul\u00e1rio de inscri\u00e7\u00e3o dispon\u00edvel\u00a0<a style=\"color: #ffb702\" href=\"http:\/\/anprotec.enviodemkt.com.br\/registra_clique.php?id=H%7C722115%7C214286%7C4731&amp;url=http%3A%2F%2Fwww.b-bice-plus.eu%2Fevent%2Feu-brazil-technology-and-innovation-forum%2F\">aqui<\/a>\u00a0para o email\u00a0<a style=\"color: #ffb702\" href=\"mailto:bbiceplus@ird.fr\">bbiceplus@ird.fr<\/a>. Realizado pela Anprotec, em parceria com o Sebrae, o Semin\u00e1rio Nacional ocorrer\u00e1 de 22 a 26 de setembro, em Bel\u00e9m (PA).<\/p>\n<p style=\"color: #353535;text-align: justify\">As atividades iniciam na manh\u00e3 do dia 22, com um workshop sobre as melhores pr\u00e1ticas para transfer\u00eancia de tecnologia. Nesse mesmo dia, no per\u00edodo da tarde, haver\u00e1 uma mesa redonda relativa a direitos de propriedade intelectual. Na ter\u00e7a-feira, 23 de setembro, ser\u00e1 realizado o\u00a0<em>Tour of Brasil<\/em>, momento reservado \u00e0 apresenta\u00e7\u00e3o de oportunidades para MPEs, parques tecnol\u00f3gicos, incubadoras de empresas, entre outros agentes da inova\u00e7\u00e3o, cooperarem com a Europa.<\/p>\n<p style=\"color: #353535;text-align: justify\">Ainda no dia 23, \u00e0 tarde ser\u00e1 realizada uma rodada de encontros bilaterais, na qual organiza\u00e7\u00f5es brasileiras poder\u00e3o interagir com importantes organiza\u00e7\u00f5es europeias, interessadas em parcerias para atividades de pesquisa, desenvolvimento e inova\u00e7\u00e3o.<\/p>\n<p style=\"color: #353535;text-align: justify\">Confira as atividades do B.BICE+ e a programa\u00e7\u00e3o completa do Semin\u00e1rio Nacional\u00a0<a style=\"color: #ffb702\" href=\"http:\/\/anprotec.enviodemkt.com.br\/registra_clique.php?id=H%7C722115%7C214286%7C4731&amp;url=http%3A%2F%2Fwww.b-bice-plus.eu%2Fevent%2Feu-brazil-technology-and-innovation-forum%2F\">aqui<\/a>.<\/p>\n<p style=\"color: #353535;text-align: justify\"><strong>Inscri\u00e7\u00e3o<br \/>\n<\/strong>Para se inscrever, \u00e9 necess\u00e1rio preencher o formul\u00e1rio de inscri\u00e7\u00e3o\u00a0(<a style=\"color: #ffb702\" href=\"http:\/\/anprotec.enviodemkt.com.br\/registra_clique.php?id=H%7C722115%7C214286%7C4731&amp;url=http%3A%2F%2Fwww.b-bice-plus.eu%2Fevent%2Feu-brazil-technology-and-innovation-forum%2F\">aqui<\/a>)\u00a0e envi\u00e1-lo para\u00a0<a style=\"color: #ffb702\" href=\"mailto:bbiceplus@ird.fr\">bbiceplus@ird.fr<\/a>,\u00a0at\u00e9 o dia\u00a0<strong>8 de setembro (segunda-feira)<\/strong>.\u00a0A equipe B.BICE+ enviar\u00e1 um email de confirma\u00e7\u00e3o de inscri\u00e7\u00e3o.<\/p>\n<p style=\"color: #353535;text-align: justify\"><strong>Sobre o B.Bice+<\/strong><\/p>\n<p style=\"color: #353535;text-align: justify\">Criado e financiado pela Comiss\u00e3o Europeia, o\u00a0B.Bice+ \u00e9 um projeto\u00a0que promove a coopera\u00e7\u00e3o na \u00e1rea de Ci\u00eancia, Tecnologia e Inova\u00e7\u00e3o entre o Brasil e pa\u00edses membros da Uni\u00e3o Europeia (UE). Tem como objetivo aprimorar a rela\u00e7\u00e3o bilateral e o debate sobre pol\u00edticas p\u00fablicas relacionadas \u00e0 \u00e1rea e, para isso, realiza f\u00f3runs de discuss\u00e3o e rodadas de neg\u00f3cios entre os pa\u00edses envolvidos.<\/p>\n<p style=\"color: #353535;text-align: justify\">Al\u00e9m da Comiss\u00e3o Europeia, o projeto \u00e9 composto por um cons\u00f3rcio de institui\u00e7\u00f5es que re\u00fane \u00a0Institut de Recherche Pour le D\u00e9veloppement (IRD), na Fran\u00e7a;\u00a0 Universidade de Brasilia (UnB), Conselho Nacional de Desenvolvimento Cient\u00edfico e Tecnol\u00f3gico (CNPq) e Anprotec, no Brasil; Project Management Agency in the German Aerospace Centre (PT-DLR), na Alemanha; e Foundation for Research and Technology Hellas\/Help-Forward (FORTH), na Gr\u00e9cia.<\/p>\n<p><!--:--><\/p>\n","protected":false},"excerpt":{"rendered":"<p><!--:pt-->Participantes do XXIV Semin\u00e1rio Nacional poder\u00e3o se inscrever gratuitamente nas atividades do projeto de coopera\u00e7\u00e3o de CT&amp;I criado e financiado pela Comiss\u00e3o Europeia.<!--:--><\/p>\n","protected":false},"author":8,"featured_media":7006,"comment_status":"open","ping_status":"open","sticky":false,"template":"","format":"standard","meta":{"footnotes":"","_links_to":"","_links_to_target":""},"categories":[3],"tags":[],"calendar":[],"_links":{"self":[{"href":"https:\/\/anprotec.org.br\/site\/wp-json\/wp\/v2\/posts\/7728"}],"collection":[{"href":"https:\/\/anprotec.org.br\/site\/wp-json\/wp\/v2\/posts"}],"about":[{"href":"https:\/\/anprotec.org.br\/site\/wp-json\/wp\/v2\/types\/post"}],"author":[{"embeddable":true,"href":"https:\/\/anprotec.org.br\/site\/wp-json\/wp\/v2\/users\/8"}],"replies":[{"embeddable":true,"href":"https:\/\/anprotec.org.br\/site\/wp-json\/wp\/v2\/comments?post=7728"}],"version-history":[{"count":3,"href":"https:\/\/anprotec.org.br\/site\/wp-json\/wp\/v2\/posts\/7728\/revisions"}],"predecessor-version":[{"id":7731,"href":"https:\/\/anprotec.org.br\/site\/wp-json\/wp\/v2\/posts\/7728\/revisions\/7731"}],"wp:featuredmedia":[{"embeddable":true,"href":"https:\/\/anprotec.org.br\/site\/wp-json\/wp\/v2\/media\/7006"}],"wp:attachment":[{"href":"https:\/\/anprotec.org.br\/site\/wp-json\/wp\/v2\/media?parent=7728"}],"wp:term":[{"taxonomy":"category","embeddable":true,"href":"https:\/\/anprotec.org.br\/site\/wp-json\/wp\/v2\/categories?post=7728"},{"taxonomy":"post_tag","embeddable":true,"href":"https:\/\/anprotec.org.br\/site\/wp-json\/wp\/v2\/tags?post=7728"},{"taxonomy":"calendar","embeddable":true,"href":"https:\/\/anprotec.org.br\/site\/wp-json\/wp\/v2\/calendar?post=7728"}],"curies":[{"name":"wp","href":"https:\/\/api.w.org\/{rel}","templated":true}]}}