{"id":731,"date":"2012-11-01T16:38:41","date_gmt":"2012-11-01T19:38:41","guid":{"rendered":"http:\/\/anprotec.org.br\/site\/?p=731"},"modified":"2012-11-01T16:44:32","modified_gmt":"2012-11-01T19:44:32","slug":"bndes-e-anprotec-realizam-reuniao-sobre-parques","status":"publish","type":"post","link":"https:\/\/anprotec.org.br\/site\/2012\/11\/bndes-e-anprotec-realizam-reuniao-sobre-parques\/","title":{"rendered":"Reuni\u00e3o com BNDES abordou apoio aos parques"},"content":{"rendered":"<p style=\"text-align: justify;\"><a href=\"https:\/\/anprotec.org.br\/site\/2012\/11\/bndes-e-anprotec-realizam-reuniao-sobre-parques\/francilene_bndes_2\/\" rel=\"attachment wp-att-737\"><img decoding=\"async\" loading=\"lazy\" class=\"alignleft size-thumbnail wp-image-737\" title=\"francilene_BNDES_2\" src=\"https:\/\/anprotec.org.br\/site\/wp-content\/uploads\/2012\/11\/francilene_BNDES_2-270x160.jpg\" alt=\"\" width=\"270\" height=\"160\" srcset=\"https:\/\/anprotec.org.br\/site\/wp-content\/uploads\/2012\/11\/francilene_BNDES_2-270x160.jpg 270w, https:\/\/anprotec.org.br\/site\/wp-content\/uploads\/2012\/11\/francilene_BNDES_2-300x177.jpg 300w, https:\/\/anprotec.org.br\/site\/wp-content\/uploads\/2012\/11\/francilene_BNDES_2-1024x606.jpg 1024w\" sizes=\"(max-width: 270px) 100vw, 270px\" \/><\/a>Identificar as possibilidades de atua\u00e7\u00e3o estrat\u00e9gica do Banco Nacional de Desenvolvimento Econ\u00f4mico e Social (BNDES) junto aos parques tecnol\u00f3gicos brasileiros. Esse era o principal objetivo da reuni\u00e3o realizada no \u00faltimo dia 30 de outubro, no Rio de Janeiro (RJ), entre dirigentes da Anprotec e a equipe t\u00e9cnica e gerencial do Banco.<\/p>\n<p style=\"text-align: justify;\">A presidente da Anprotec, Francilene Garcia, apresentou os principais n\u00fameros relacionados a parques tecnol\u00f3gicos no Brasil, ressaltando que as 3,7 mil empresas ligadas a esses mecanismos geram cerca de 16 mil empregos diretos em todo o pa\u00eds. \u201cOs parques tecnol\u00f3gicos s\u00e3o reconhecidos como plataformas estruturantes de iniciativas estrat\u00e9gicas de desenvolvimento regional e nacional, alavancadas pela inova\u00e7\u00e3o\u201d, afirmou.<\/p>\n<p style=\"text-align: justify;\">Para a chefe do Departamento de Avalia\u00e7\u00e3o, Inova\u00e7\u00e3o e Conhecimento do BNDES, Helena Ten\u00f3rio, a iniciativa foi importante para aproximar o Banco do movimento. \u201cA reuni\u00e3o foi bastante oportuna para aumentar a intera\u00e7\u00e3o entre o BNDES e os parques tecnol\u00f3gicos, o que nos ajuda a entender melhor as demandas e necessidades espec\u00edficas para pensarmos pol\u00edticas e cestas de apoio para as empresas neles instaladas\u201d, afirmou.<\/p>\n<p style=\"text-align: justify;\">Al\u00e9m do apoio a empresas, foram discutidas as possibilidades de apoio do Banco a projetos de implanta\u00e7\u00e3o, amplia\u00e7\u00e3o, infraestrutura e urbaniza\u00e7\u00e3o de parques tecnol\u00f3gicos. Para aprofundar as discuss\u00f5es acerca do tema, ficou acordada a forma\u00e7\u00e3o de um Grupo de Trabalho, composto por representantes do BNDES e da Anprotec, que ter\u00e1 como fun\u00e7\u00e3o identificar as possibilidades de avan\u00e7o na rela\u00e7\u00e3o entre o Banco e os parques.<\/p>\n","protected":false},"excerpt":{"rendered":"<p>Na pauta da reuni\u00e3o com a Anprotec, estavam as possibilidades de atua\u00e7\u00e3o estrat\u00e9gica do Banco junto aos parques tecnol\u00f3gicos brasileiros. Grupo de Trabalho ser\u00e1 formado. <\/p>\n","protected":false},"author":8,"featured_media":737,"comment_status":"open","ping_status":"open","sticky":false,"template":"","format":"standard","meta":{"footnotes":"","_links_to":"","_links_to_target":""},"categories":[3],"tags":[],"calendar":[],"_links":{"self":[{"href":"https:\/\/anprotec.org.br\/site\/wp-json\/wp\/v2\/posts\/731"}],"collection":[{"href":"https:\/\/anprotec.org.br\/site\/wp-json\/wp\/v2\/posts"}],"about":[{"href":"https:\/\/anprotec.org.br\/site\/wp-json\/wp\/v2\/types\/post"}],"author":[{"embeddable":true,"href":"https:\/\/anprotec.org.br\/site\/wp-json\/wp\/v2\/users\/8"}],"replies":[{"embeddable":true,"href":"https:\/\/anprotec.org.br\/site\/wp-json\/wp\/v2\/comments?post=731"}],"version-history":[{"count":11,"href":"https:\/\/anprotec.org.br\/site\/wp-json\/wp\/v2\/posts\/731\/revisions"}],"predecessor-version":[{"id":744,"href":"https:\/\/anprotec.org.br\/site\/wp-json\/wp\/v2\/posts\/731\/revisions\/744"}],"wp:featuredmedia":[{"embeddable":true,"href":"https:\/\/anprotec.org.br\/site\/wp-json\/wp\/v2\/media\/737"}],"wp:attachment":[{"href":"https:\/\/anprotec.org.br\/site\/wp-json\/wp\/v2\/media?parent=731"}],"wp:term":[{"taxonomy":"category","embeddable":true,"href":"https:\/\/anprotec.org.br\/site\/wp-json\/wp\/v2\/categories?post=731"},{"taxonomy":"post_tag","embeddable":true,"href":"https:\/\/anprotec.org.br\/site\/wp-json\/wp\/v2\/tags?post=731"},{"taxonomy":"calendar","embeddable":true,"href":"https:\/\/anprotec.org.br\/site\/wp-json\/wp\/v2\/calendar?post=731"}],"curies":[{"name":"wp","href":"https:\/\/api.w.org\/{rel}","templated":true}]}}