{"id":7110,"date":"2014-06-26T12:44:54","date_gmt":"2014-06-26T15:44:54","guid":{"rendered":"http:\/\/anprotec.org.br\/site\/?p=7110"},"modified":"2014-06-26T12:46:59","modified_gmt":"2014-06-26T15:46:59","slug":"incubadora-da-feevale-seleciona-projetos-3","status":"publish","type":"post","link":"https:\/\/anprotec.org.br\/site\/2014\/06\/incubadora-da-feevale-seleciona-projetos-3\/","title":{"rendered":"<!--:pt-->Incubadora da Feevale seleciona projetos<!--:-->"},"content":{"rendered":"<p><!--:pt--><\/p>\n<p style=\"text-align: justify\"><img decoding=\"async\" loading=\"lazy\" class=\"alignleft size-thumbnail wp-image-3390\" src=\"https:\/\/anprotec.org.br\/site\/wp-content\/uploads\/2013\/07\/selecao-empresa-270x160.jpg\" alt=\"selecao-empresa\" width=\"270\" height=\"160\" \/>A Incubadora Tecnol\u00f3gica da Universidade Feevale, de Novo Hamburgo (RS), lan\u00e7ou o novo edital da sele\u00e7\u00e3o de projetos para a fase pr\u00e9-incuba\u00e7\u00e3o.\u00a0O objetivo \u00e9 selecionar e apoiar projetos que visam \u00e0 cria\u00e7\u00e3o de novos empreendimentos com foco no desenvolvimento de produtos, servi\u00e7os e processos.<\/p>\n<p style=\"text-align: justify\">Poder\u00e3o se candidatar pessoas f\u00edsicas ou empresas brasileiras nas \u00e1reas de filmes, televis\u00e3o, r\u00e1dio, anima\u00e7\u00e3o, m\u00fasica, design, livros, imprensa, revistas, arquitetura, publicidade, turismo, software, jogos digitais, conte\u00fado criativo digital, aplicativos, fisioterapia, nutri\u00e7\u00e3o, alimenta\u00e7\u00e3o, energias limpas e renov\u00e1veis, entre outros. As inscri\u00e7\u00f5es podem ser realizadas at\u00e9 9 de julho, pelo site\u00a0<a href=\"http:\/\/www.feevale.br\/incubadora\"> www.feevale.br\/incubadora<\/a>.<\/p>\n<p style=\"text-align: justify\">No dia 21 de julho ser\u00e3o divulgados os projetos selecionados para a segunda fase, na entrevista individual. J\u00e1 no dia 13 de agosto, os aprovados para a pr\u00e9-incuba\u00e7\u00e3o. Mais informa\u00e7\u00f5es: (51) 3597-5800 ou\u00a0<a href=\"http:\/\/www.feevale.br\/incubadora\">www.feevale.br\/incubadora<\/a>.<\/p>\n<p style=\"text-align: justify\">* Com informa\u00e7\u00f5es da Feevale<br \/>\n* Foto: Shutterstock<\/p>\n<p><!--:--><\/p>\n","protected":false},"excerpt":{"rendered":"<p><!--:pt-->Edital selecionar\u00e1 propostas para pr\u00e9-incuba\u00e7\u00e3o, que podem ser de pessoas f\u00edsicas ou empresas de diversas \u00e1reas, como design, arquitetura e conte\u00fado criativo digital. <!--:--><\/p>\n","protected":false},"author":8,"featured_media":3390,"comment_status":"open","ping_status":"open","sticky":false,"template":"","format":"standard","meta":{"footnotes":"","_links_to":"","_links_to_target":""},"categories":[3],"tags":[],"calendar":[],"_links":{"self":[{"href":"https:\/\/anprotec.org.br\/site\/wp-json\/wp\/v2\/posts\/7110"}],"collection":[{"href":"https:\/\/anprotec.org.br\/site\/wp-json\/wp\/v2\/posts"}],"about":[{"href":"https:\/\/anprotec.org.br\/site\/wp-json\/wp\/v2\/types\/post"}],"author":[{"embeddable":true,"href":"https:\/\/anprotec.org.br\/site\/wp-json\/wp\/v2\/users\/8"}],"replies":[{"embeddable":true,"href":"https:\/\/anprotec.org.br\/site\/wp-json\/wp\/v2\/comments?post=7110"}],"version-history":[{"count":3,"href":"https:\/\/anprotec.org.br\/site\/wp-json\/wp\/v2\/posts\/7110\/revisions"}],"predecessor-version":[{"id":7112,"href":"https:\/\/anprotec.org.br\/site\/wp-json\/wp\/v2\/posts\/7110\/revisions\/7112"}],"wp:featuredmedia":[{"embeddable":true,"href":"https:\/\/anprotec.org.br\/site\/wp-json\/wp\/v2\/media\/3390"}],"wp:attachment":[{"href":"https:\/\/anprotec.org.br\/site\/wp-json\/wp\/v2\/media?parent=7110"}],"wp:term":[{"taxonomy":"category","embeddable":true,"href":"https:\/\/anprotec.org.br\/site\/wp-json\/wp\/v2\/categories?post=7110"},{"taxonomy":"post_tag","embeddable":true,"href":"https:\/\/anprotec.org.br\/site\/wp-json\/wp\/v2\/tags?post=7110"},{"taxonomy":"calendar","embeddable":true,"href":"https:\/\/anprotec.org.br\/site\/wp-json\/wp\/v2\/calendar?post=7110"}],"curies":[{"name":"wp","href":"https:\/\/api.w.org\/{rel}","templated":true}]}}