{"id":6955,"date":"2014-06-12T13:33:01","date_gmt":"2014-06-12T16:33:01","guid":{"rendered":"http:\/\/anprotec.org.br\/site\/?p=6955"},"modified":"2014-06-13T10:17:11","modified_gmt":"2014-06-13T13:17:11","slug":"anprotec-tera-horario-diferenciado-em-dias-de-jogo","status":"publish","type":"post","link":"https:\/\/anprotec.org.br\/site\/2014\/06\/anprotec-tera-horario-diferenciado-em-dias-de-jogo\/","title":{"rendered":"<!--:pt-->Anprotec ter\u00e1 hor\u00e1rio diferenciado em dias de jogo<!--:-->"},"content":{"rendered":"<p><!--:pt--><\/p>\n<p style=\"text-align: justify\"><img decoding=\"async\" loading=\"lazy\" class=\"alignleft size-thumbnail wp-image-6974\" src=\"https:\/\/anprotec.org.br\/site\/wp-content\/uploads\/2014\/06\/Foto_Equipe-270x160.jpg\" alt=\"Foto_Equipe\" width=\"270\" height=\"160\" \/>A Anprotec informa que nos\u00a0dias de jogo do Brasil na primeira fase da Copa do Mundo, o expediente da Associa\u00e7\u00e3o\u00a0ser\u00e1 encerrado \u00e0s 12h.<\/p>\n<p style=\"text-align: justify\">Al\u00e9m disso, seguindo a recomenda\u00e7\u00e3o do Governo do Distrito Federal<strong>,\u00a0n\u00e3o haver\u00e1 expediente<\/strong> nos 23, 26 e 30 de junho, quando ser\u00e3o realizados jogos da Copa no Est\u00e1dio Nacional de Bras\u00edlia \u2013 Man\u00e9 Garrincha.<\/p>\n<p><!--:--><\/p>\n","protected":false},"excerpt":{"rendered":"<p><!--:pt-->Em dias de jogo do Brasil, o expediente se encerra \u00e0s 12h. Nas datas em que ser\u00e3o realizados jogos em Bras\u00edlia (DF), n\u00e3o haver\u00e1 expediente, conforme recomenda\u00e7\u00f5es do governo local. <!--:--><\/p>\n","protected":false},"author":8,"featured_media":6974,"comment_status":"open","ping_status":"open","sticky":false,"template":"","format":"standard","meta":{"footnotes":"","_links_to":"","_links_to_target":""},"categories":[3],"tags":[],"calendar":[],"_links":{"self":[{"href":"https:\/\/anprotec.org.br\/site\/wp-json\/wp\/v2\/posts\/6955"}],"collection":[{"href":"https:\/\/anprotec.org.br\/site\/wp-json\/wp\/v2\/posts"}],"about":[{"href":"https:\/\/anprotec.org.br\/site\/wp-json\/wp\/v2\/types\/post"}],"author":[{"embeddable":true,"href":"https:\/\/anprotec.org.br\/site\/wp-json\/wp\/v2\/users\/8"}],"replies":[{"embeddable":true,"href":"https:\/\/anprotec.org.br\/site\/wp-json\/wp\/v2\/comments?post=6955"}],"version-history":[{"count":6,"href":"https:\/\/anprotec.org.br\/site\/wp-json\/wp\/v2\/posts\/6955\/revisions"}],"predecessor-version":[{"id":6961,"href":"https:\/\/anprotec.org.br\/site\/wp-json\/wp\/v2\/posts\/6955\/revisions\/6961"}],"wp:featuredmedia":[{"embeddable":true,"href":"https:\/\/anprotec.org.br\/site\/wp-json\/wp\/v2\/media\/6974"}],"wp:attachment":[{"href":"https:\/\/anprotec.org.br\/site\/wp-json\/wp\/v2\/media?parent=6955"}],"wp:term":[{"taxonomy":"category","embeddable":true,"href":"https:\/\/anprotec.org.br\/site\/wp-json\/wp\/v2\/categories?post=6955"},{"taxonomy":"post_tag","embeddable":true,"href":"https:\/\/anprotec.org.br\/site\/wp-json\/wp\/v2\/tags?post=6955"},{"taxonomy":"calendar","embeddable":true,"href":"https:\/\/anprotec.org.br\/site\/wp-json\/wp\/v2\/calendar?post=6955"}],"curies":[{"name":"wp","href":"https:\/\/api.w.org\/{rel}","templated":true}]}}