{"id":6836,"date":"2014-06-04T15:37:05","date_gmt":"2014-06-04T18:37:05","guid":{"rendered":"http:\/\/anprotec.org.br\/site\/?p=6836"},"modified":"2014-06-12T14:23:36","modified_gmt":"2014-06-12T17:23:36","slug":"missao-2014-chega-a-finlandia","status":"publish","type":"post","link":"https:\/\/anprotec.org.br\/site\/2014\/06\/missao-2014-chega-a-finlandia\/","title":{"rendered":"<!--:pt-->Miss\u00e3o 2014 chega \u00e0 Finl\u00e2ndia<!--:-->"},"content":{"rendered":"<p><!--:pt--><\/p>\n<p style=\"text-align: justify\"><img decoding=\"async\" loading=\"lazy\" class=\"alignleft size-thumbnail wp-image-6837\" src=\"https:\/\/anprotec.org.br\/site\/wp-content\/uploads\/2014\/06\/Finlandia_Dia_01_Foto_02-270x160.jpg\" alt=\"Finlandia_Dia_01_Foto_02\" width=\"270\" height=\"160\" \/>Depois de conhecer mais de 10 ambientes de inova\u00e7\u00e3o em Pequim, na China, a delega\u00e7\u00e3o brasileira que comp\u00f5e a Miss\u00e3o T\u00e9cnica Empresarial 2014 chegou nesta semana \u00e0 capital finlandesa, Helsinque.<\/p>\n<p style=\"text-align: justify\">Na segunda-feira (2), o grupo participou do semin\u00e1rio \u201cBrazil Innovation Seminar: Road Map to Strategic Partnership\u201d, na sede da Finpro \u2013 Ag\u00eancia de Promo\u00e7\u00e3o Comercial e de Investimentos (foto). A abertura do evento ficou a cargo do principal cientista do VTT Technical Research Center (Centro de Pesquisas T\u00e9cnicas da Finl\u00e2ndia), Hannes Toivanen, que ressaltou o forte investimento em ci\u00eancia e inova\u00e7\u00e3o feito pelo governo finland\u00eas, a import\u00e2ncia do Brasil como maior mercado de exporta\u00e7\u00e3o da Finl\u00e2ndia e a contribui\u00e7\u00e3o do programa Ci\u00eancia sem Fronteiras para a amplia\u00e7\u00e3o da integra\u00e7\u00e3o entre os dois pa\u00edses.<\/p>\n<p style=\"text-align: justify\">Em seguida, o Secret\u00e1rio de Desenvolvimento Tecnol\u00f3gico e Inova\u00e7\u00e3o do MCTI, \u00c1lvaro Prata, fez um panorama das estrat\u00e9gias, programas e a\u00e7\u00f5es do governo brasileiro na \u00e1rea de inova\u00e7\u00e3o, destacando setores como explora\u00e7\u00e3o de petr\u00f3leo em camadas mais profundas, pesquisa agr\u00edcola, design e fabrica\u00e7\u00e3o de aeronaves e de ve\u00edculos bicombust\u00edvel.<\/p>\n<p style=\"text-align: justify\">No per\u00edodo da tarde, a delega\u00e7\u00e3o visitou o Instituto de Inova\u00e7\u00e3o de Vantaa, que auxilia a acelera\u00e7\u00e3o do crescimento da cidade como um hub internacional de neg\u00f3cios por meio da promo\u00e7\u00e3o da competitividade e da internacionaliza\u00e7\u00e3o de empresas. A delega\u00e7\u00e3o brasileira visitou dois laborat\u00f3rios do instituto: o Nano Lab Finland e o RFID Lab Finland.<\/p>\n<p style=\"text-align: justify\"><img decoding=\"async\" loading=\"lazy\" class=\"alignleft size-thumbnail wp-image-6839\" src=\"https:\/\/anprotec.org.br\/site\/wp-content\/uploads\/2014\/06\/Finlandia_Dia_02_Foto_031-270x160.jpg\" alt=\"Finlandia_Dia_02_Foto_03\" width=\"270\" height=\"160\" \/>Na ter\u00e7a-feira (3), o grupo visitou o VTT Technical Research Center, maior organiza\u00e7\u00e3o de pesquisa aplicada multisetorial do norte da Europa, onde foi recebido pelo Vice-presidente Executivo do VTT, Kari Larjava (foto).<\/p>\n<p style=\"text-align: justify\">Em seguida, a delega\u00e7\u00e3o visitou a Design Factory, ligada \u00e0 Universidade Aalto. As \u201cfactories\u201d s\u00e3o ambientes para ensino, aprendizagem, pesquisa e co-cria\u00e7\u00e3o entre universidades, empresas e sociedade. No caso da unidade visitada pelos brasileiros, ela \u00e9 voltada ao desenvolvimento de servi\u00e7os e produtos ligados ao design.<\/p>\n<p style=\"text-align: justify\">No mesmo dia, a delega\u00e7\u00e3o visitou a Sauna Startup, incubadora para a gera\u00e7\u00e3o de startups, fundamentada em uma metodologia de 5 semanas, e a Ag\u00eancia Finlandesa de Fomento \u00e0 Inova\u00e7\u00e3o (Tekes).<\/p>\n<p style=\"text-align: justify\"><strong>Sobre a Miss\u00e3o 2014<\/strong><\/p>\n<p style=\"text-align: justify\">Os 38 participantes da miss\u00e3o, que incluem formu\u00adladores de pol\u00edticas p\u00fablicas, dirigentes das entidades de apoio e fomento, al\u00e9m de ges\u00adtores de parques tecnol\u00f3gicos e incubadoras de empresas do Brasil, s\u00e3o representantes de 23 organiza\u00e7\u00f5es brasileiras.<\/p>\n<p style=\"text-align: justify\">A\u00a0Miss\u00e3o \u00e9 realizada em\u00a0conjunto por\u00a0Anprotec e\u00a0os Minist\u00e9rios da Ci\u00eancia, Tecnologia &amp; Inova\u00e7\u00e3o (MCTI) e das Rela\u00e7\u00f5es Exteriores (MRE), com apoio expressivo das Embaixadas Brasileiras na China e na Finl\u00e2ndia. O Servi\u00e7o Brasileiro de Apoio \u00e0s Micro e Pequenas Empresas (Sebrae) e o Conselho Nacional de Secret\u00e1rios para Assuntos de Ci\u00eancia, Tecnologia e Inova\u00e7\u00e3o (Consecti) prestam apoio institucional \u00e0 Miss\u00e3o, que tem por objetivo\u00a0propiciar um contato direto com a experi\u00eancia exitosa dos dois pa\u00edses na consolida\u00e7\u00e3o dos sistemas locais de inova\u00e7\u00e3o.<\/p>\n<p><!--:--><\/p>\n","protected":false},"excerpt":{"rendered":"<p><!--:pt-->A delega\u00e7\u00e3o brasileira participou de um semin\u00e1rio para avaliar parcerias com institui\u00e7\u00f5es finlandesas e visitou importantes ambientes de pesquisa e inova\u00e7\u00e3o no pa\u00eds. <!--:--><\/p>\n","protected":false},"author":8,"featured_media":6837,"comment_status":"open","ping_status":"open","sticky":false,"template":"","format":"standard","meta":{"footnotes":"","_links_to":"","_links_to_target":""},"categories":[3],"tags":[],"calendar":[],"_links":{"self":[{"href":"https:\/\/anprotec.org.br\/site\/wp-json\/wp\/v2\/posts\/6836"}],"collection":[{"href":"https:\/\/anprotec.org.br\/site\/wp-json\/wp\/v2\/posts"}],"about":[{"href":"https:\/\/anprotec.org.br\/site\/wp-json\/wp\/v2\/types\/post"}],"author":[{"embeddable":true,"href":"https:\/\/anprotec.org.br\/site\/wp-json\/wp\/v2\/users\/8"}],"replies":[{"embeddable":true,"href":"https:\/\/anprotec.org.br\/site\/wp-json\/wp\/v2\/comments?post=6836"}],"version-history":[{"count":3,"href":"https:\/\/anprotec.org.br\/site\/wp-json\/wp\/v2\/posts\/6836\/revisions"}],"predecessor-version":[{"id":6842,"href":"https:\/\/anprotec.org.br\/site\/wp-json\/wp\/v2\/posts\/6836\/revisions\/6842"}],"wp:featuredmedia":[{"embeddable":true,"href":"https:\/\/anprotec.org.br\/site\/wp-json\/wp\/v2\/media\/6837"}],"wp:attachment":[{"href":"https:\/\/anprotec.org.br\/site\/wp-json\/wp\/v2\/media?parent=6836"}],"wp:term":[{"taxonomy":"category","embeddable":true,"href":"https:\/\/anprotec.org.br\/site\/wp-json\/wp\/v2\/categories?post=6836"},{"taxonomy":"post_tag","embeddable":true,"href":"https:\/\/anprotec.org.br\/site\/wp-json\/wp\/v2\/tags?post=6836"},{"taxonomy":"calendar","embeddable":true,"href":"https:\/\/anprotec.org.br\/site\/wp-json\/wp\/v2\/calendar?post=6836"}],"curies":[{"name":"wp","href":"https:\/\/api.w.org\/{rel}","templated":true}]}}